{"id":114765,"date":"2021-04-12T07:40:00","date_gmt":"2021-04-12T11:40:00","guid":{"rendered":"https:\/\/linitiative.ca\/International\/covid-19-an-2-ce-qui-nous-attend-en-tunisie\/"},"modified":"2021-04-12T07:40:00","modified_gmt":"2021-04-12T11:40:00","slug":"covid-19-an-2-ce-qui-nous-attend-en-tunisie","status":"publish","type":"post","link":"https:\/\/linitiative.ca\/International\/covid-19-an-2-ce-qui-nous-attend-en-tunisie\/","title":{"rendered":"Covid-19, An 2: Ce qui nous attend en Tunisie"},"content":{"rendered":"<p class=\"c2\"><strong>La barre fatidique des 10 000 d\u00e9c\u00e8s risque d\u2019\u00eatre d\u00e9pass\u00e9e au cours de ce mois d\u2019avril. En comparaison d\u2019autres pays, la Tunisie semble s\u2019en sortir sans lourdes pertes en vies humaines. Mais, un seul mort, et c\u2019est d\u00e9j\u00e0 de trop. La pand\u00e9mie continue \u00e0 s\u00e9vir, le rel\u00e2chement de la vigilance s\u2019est install\u00e9, la vaccination est encore au ralenti, et l\u2019entreprise en p\u00e2tit gravement. Un an apr\u00e8s la d\u00e9claration, le 2 mars 2020, du premier cas d\u2019infection par ce myst\u00e9rieux et impr\u00e9visible virus, la menace est toujours s\u00e9rieuse.<br \/><\/strong><\/p>\n<p class=\"c2\"><strong>Dans une totale improvisation, le gouvernement, avec quatre ministres de la Sant\u00e9 et deux directeurs g\u00e9n\u00e9raux de la sant\u00e9 en un an, passe plus de temps \u00e0 d\u00e9battre des approches qu\u2019\u00e0 g\u00e9rer la crise. Il aura fallu que Faouzi Mehdi, ministre de la Sant\u00e9 en titre, soit limog\u00e9 par le Chef du gouvernement Hichem Mechichi, puis qu&rsquo;il r\u00e9int\u00e8gre son poste, pour qu\u2019il reprenne du poil de la b\u00eate et montre plus d\u2019efficience. Quant au <a href=\"https:\/\/www.leaders.com.tn\/article\/29596-nissaf-ben-alaya-un-parcours-d-excellence\" target=\"_blank\" rel=\"noopener\">Pr Nissaf Ben Alaya<\/a>, directrice g\u00e9n\u00e9rale de l\u2019Observatoire national des maladies nouvelles et \u00e9mergentes (Omne), du comit\u00e9 scientifique consultatif, elle a \u00e9t\u00e9 \u00e9cart\u00e9e sous pr\u00e9texte de pr\u00e9servation de l\u2019ind\u00e9pendance du comit\u00e9, est plus qu\u2019une erreur, une faute m\u00eame.<br \/><\/strong><\/p>\n<p class=\"c2\"><strong>Mais les enjeux sont encore plus profonds. Ce que les Tunisiens cherchent \u00e0 savoir aujourd\u2019hui, c\u2019est comment s\u2019en sortir et quand ?<\/strong><\/p>\n<p>La courbe se redresse ! \u00bb. La voix nou\u00e9e, un \u00e9minent chef de service r\u00e9animation dans un grand h\u00f4pital de Tunis, s\u2019en alarme triplement. \u00ab Banalisation du risque, faible rythme de vaccination et redoutables nouveaux variants encore plus s\u00e9v\u00e8res : l\u2019\u00e9pid\u00e9mie persiste gravement\u00bb, ajoute-t-il. Ses s\u00e9quelles \u00e9conomiques et sociales aussi. En une ann\u00e9e, la premi\u00e8re d\u2019une s\u00e9rie qui s\u2019annonce longue, l\u2019ampleur des d\u00e9g\u00e2ts en vies humaines, comme en d\u00e9c\u00e9l\u00e9ration \u00e9conomique et ch\u00f4mage, est d\u00e9j\u00e0 lourde. Les h\u00e9sitations des gouvernants sont p\u00e9nalisantes. Une seule issue possible : la vaccination, massive et rapide des consentants. Or, cette imp\u00e9rative immunisation tardive reste lente, r\u00e9duite.<\/p>\n<p class=\"c3\"><img decoding=\"async\" src=\"\/uploads\/FCK_files\/Nisaf-Ben-Alaya.jpg\" alt=\"\" width=\"100%\" vspace=\"5\" hspace=\"5\" align=\"middle\"\/><\/p>\n<p>Le plan vaccinal tunisien pr\u00e9voit la couverture au total de 5.5 millions de personnes, consid\u00e9r\u00e9es repr\u00e9sentant 50% de la population concern\u00e9e, avec un premier objectif de 3 millions de personnes avant la fin de l\u2019ann\u00e9e. Pour cela, pr\u00e8s de 10 millions de doses (entre doubles et uniques) doivent \u00eatre acquises \u00e0 travers trois sources principales : les initiatives Covax et africaine et les achats directs. Cinq vaccins ont, jusque-l\u00e0, obtenu leur autorisation de mise sur le march\u00e9 : Pfizer, Sputnik, AstraZeneca, Jhonson&amp;Jhonson et Sinovac.<\/p>\n<table width=\"100%\" cellspacing=\"1\" cellpadding=\"1\" border=\"1\">\n<tbody>\n<tr>\n<td><span class=\"c4\"><strong>\u00a0Source<\/strong><\/span><\/td>\n<td><span class=\"c4\"><strong>\u00a0Fournisseur<\/strong><\/span><\/td>\n<td><span class=\"c4\"><strong>\u00a0Quantit\u00e9<\/strong><\/span><\/td>\n<td><span class=\"c4\"><strong>\u00a0B\u00e9n\u00e9ficiaires<\/strong><\/span><\/td>\n<\/tr>\n<tr>\n<td class=\"c6\"><strong><span class=\"c5\">\u00a0Initiative Covax<\/span><\/strong><\/td>\n<td class=\"c6\"><span class=\"c5\"><strong>\u00a0Pfizer<\/strong><\/span><\/td>\n<td class=\"c6\"><span class=\"c5\"><strong>\u00a093 600<\/strong><\/span><\/td>\n<td class=\"c6\"><span class=\"c5\"><strong>\u00a046 800<\/strong><\/span><\/td>\n<\/tr>\n<tr>\n<td>\u00a0<\/td>\n<td>\u00a0AstraZeneca<\/td>\n<td>\u00a0412 800<\/td>\n<td>\u00a0206 400<\/td>\n<\/tr>\n<tr>\n<td>\u00a0<\/td>\n<td>\u00a0A d\u00e9terminer<\/td>\n<td>\u00a03 887 200<\/td>\n<td>\u00a01 943 600<\/td>\n<\/tr>\n<tr>\n<td class=\"c6\"><span class=\"c5\"><strong>\u00a0Initiative africaine<\/strong><\/span><\/td>\n<td class=\"c6\"><span class=\"c5\"><strong>\u00a0Pfizer<\/strong><\/span><\/td>\n<td class=\"c6\"><span class=\"c5\"><strong>\u00a01 000 000<\/strong><\/span><\/td>\n<td class=\"c6\"><span class=\"c5\"><strong>\u00a0500 000<\/strong><\/span><\/td>\n<\/tr>\n<tr>\n<td>\u00a0<\/td>\n<td>\u00a0AstraZeneca<\/td>\n<td>\u00a0895 332<\/td>\n<td>\u00a0447 666<\/td>\n<\/tr>\n<tr>\n<td>\u00a0<\/td>\n<td>\u00a0Jhonson&amp;Jhonson<\/td>\n<td>\u00a01 074 398<\/td>\n<td>\u00a01 074 398<\/td>\n<\/tr>\n<tr>\n<td class=\"c6\"><span class=\"c5\"><strong>\u00a0Achats directs<\/strong><\/span><\/td>\n<td class=\"c6\"><span class=\"c5\"><strong>\u00a0Pfizer<\/strong><\/span><\/td>\n<td class=\"c6\"><span class=\"c5\"><strong>\u00a02 000 000<\/strong><\/span><\/td>\n<td class=\"c6\"><span class=\"c5\"><strong>\u00a01 000 000<\/strong><\/span><\/td>\n<\/tr>\n<tr>\n<td>\u00a0<\/td>\n<td>\u00a0Sputnik<\/td>\n<td>\u00a0500 000<\/td>\n<td>\u00a0250 000<\/td>\n<\/tr>\n<tr>\n<td><span class=\"c4\"><strong>\u00a0Total<\/strong><\/span><\/td>\n<td><span class=\"c4\"><strong>\u00a09 863 330<\/strong><\/span><\/td>\n<td><span class=\"c4\"><strong>\u00a05 468 864<\/strong><\/span><\/td>\n<td>\u00a0<\/td>\n<\/tr>\n<\/tbody>\n<\/table>\n<p>A fin mars 2021, la Tunisie a re\u00e7u 323.600 doses, selon le Pr Hachemi Louzir, directeur g\u00e9n\u00e9ral de l\u2019Institut Pasteur Tunis. Elles se r\u00e9partissent comme suit :<\/p>\n<p class=\"c2\"><span class=\"c4\"><strong>\u2022<\/strong><\/span> 30.000 doses Sputnik<\/p>\n<p class=\"c2\"><span class=\"c4\"><strong>\u2022<\/strong><\/span> 93.600 doses Pfizer<\/p>\n<p class=\"c2\"><span class=\"c4\"><strong>\u2022<\/strong><\/span> 200.000 doses Sinovac.<\/p>\n<p>Courant avril, le plan de livraison porte sur 456.230 doses dont 256.230 en provenance de Pfeizer et le reste de Sputnik.<\/p>\n<p><span class=\"c7\"><strong>Encore tr\u00e8s loin du compte<\/strong><\/span><\/p>\n<p>Le nombre des inscrits sur l\u2019application Evax pour se faire vacciner reste tr\u00e8s r\u00e9duit. Il n\u2019est que de 744 326 au 28 mars dernier. Quant au nombre de personnes vaccin\u00e9es dans les 25 centres am\u00e9nag\u00e9s, il se limite \u00e0 48 653, soit 7%. Nous sommes encore tr\u00e8s loin du compte.<\/p>\n<p>N\u2019ayant pas de certitudes sur les quantit\u00e9s de vaccins \u00e0 recevoir et les d\u00e9lais de livraison, les autorit\u00e9s ont opt\u00e9 pour une campagne r\u00e9duite d\u2019incitation et d\u2019explication. Elles comptent sur l\u2019exp\u00e9rience des personnes d\u00e9j\u00e0 vaccin\u00e9es et leur t\u00e9moignage pour pousser leurs proches \u00e0 suivre leur exemple.<\/p>\n<p><span class=\"c7\"><strong>Insouciance<\/strong><\/span><\/p>\n<p>En attendant une plus large vaccination, le rel\u00e2chement des r\u00e8gles prudentielles et des mesures appropri\u00e9es reste la hantise des soignants. \u00abLes vacances de printemps ont \u00e9t\u00e9 marqu\u00e9es par de nombreuses c\u00e9r\u00e9monies familiales et de mariage, sans le moindre respect des r\u00e8gles \u00e9dict\u00e9es\u00bb, d\u00e9plore un m\u00e9decin. \u00abLa vie sociale durant le ramadan, les f\u00eates de l\u2019A\u00efd et l\u2019\u00e9t\u00e9 risquent d\u2019intensifier cette imprudence\u00bb, ajoute-t-il. \u00abCe qui est encore impr\u00e9visible et s\u2019annonce plus grave, souligne de son c\u00f4t\u00e9 une \u00e9pid\u00e9miologiste, c\u2019est l\u2019apparition de nouveaux variants qui s\u2019attaquent \u00e0 des populations plus jeunes, avec des effets plus dangereux.\u00bb<\/p>\n<p>Entre-temps, le nombre de lits \u00e9quip\u00e9s pour recevoir des patients atteint de Covid est tr\u00e8s limit\u00e9. Le personnel soignant est quant \u00e0 lui bien \u00e9puis\u00e9. Et de nombreuses autres pathologies ne sont pas prises en charge, avec des op\u00e9rations sans cesse report\u00e9es. La sortie de crise est loin de poindre \u00e0 l\u2019horizon.<\/p>\n<p><span class=\"c7\"><strong>L\u2019\u00e9conomie en souffrance et l\u2019entreprise mise sous cloche<\/strong><\/span><\/p>\n<p>Aucun chiffrage officiel pr\u00e9cis de l\u2019impact de la crise sanitaire sur l\u2019\u00e9conomie n\u2019a \u00e9t\u00e9 rendu public. \u00ab Le PIB r\u00e9el s\u203aest contract\u00e9 de 8,2 % en 2020 \u00bb, estime le FMI dans un compte rendu de rapport de mission publi\u00e9 fin f\u00e9vrier dernier. \u00ab Il s\u203aagit du ralentissement \u00e9conomique le plus prononc\u00e9 depuis que le pays est devenu ind\u00e9pendant, souligne le document. Et d\u2019ajouter : \u00abLa hausse du taux de ch\u00f4mage, \u00e0 16,2 % fin septembre, a touch\u00e9 de mani\u00e8re disproportionn\u00e9e les travailleurs peu qualifi\u00e9s, les femmes et les jeunes, et contribue au m\u00e9contentement social.\u00bb Craignant de voir le Covid aggraver les fragilit\u00e9s, le Fonds consid\u00e8re que \u00abla priorit\u00e9 dans l\u2019imm\u00e9diat consiste \u00e0 sauver des vies, ainsi que les moyens de subsistance de la population, et \u00e0 stabiliser l\u2019\u00e9conomie jusqu\u2019\u00e0 ce que la pand\u00e9mie s\u2019att\u00e9nue. La politique \u00e9conomique doit aussi avoir pour objectif de r\u00e9tablir la soutenabilit\u00e9 des finances publiques et de la dette, ainsi que de promouvoir une croissance inclusive.\u00bb<\/p>\n<p>Au niveau des entreprises, un indicateur significatif provient d\u2019une enqu\u00eate men\u00e9e par l\u2019INS et la Soci\u00e9t\u00e9 financi\u00e8re internationale (SFI), du Groupe de la Banque mondiale, portant sur un \u00e9chantillon de 2 500 entreprises. \u00abSi la majorit\u00e9 des entreprises \u00e9taient ouvertes lors du quatri\u00e8me trimestre (78,4%), les fermetures d\u00e9finitives d\u2019entreprises ont fortement augment\u00e9 \u2013 10,4% des entreprises \u00e9taient d\u00e9finitivement ferm\u00e9es. A l\u2019origine, 2,6% \u00e0 cause de la pand\u00e9mie et 7,8% pour d\u2019autres raisons (\u2026) Par ailleurs, 25,9% des entreprises ont proc\u00e9d\u00e9 \u00e0 des licenciements, 11,6% ont accord\u00e9 des cong\u00e9s pay\u00e9s et 9,8% des cong\u00e9s sans salaire. Enfin, 15,7% des entreprises ont eu recours \u00e0 des r\u00e9ductions salariales, 30,5% ont proc\u00e9d\u00e9 \u00e0 la r\u00e9duction du nombre d\u2019heures travaill\u00e9es et seulement 5,3% des entreprises ont recrut\u00e9 (\u2026) Les entreprises r\u00e9clament plus de mesures de soutien pour faire face \u00e0 la crise. Les trois mesures dont les entreprises disent avoir le plus besoin sont les exon\u00e9rations et les r\u00e9ductions d\u2019imp\u00f4t (37%), les injections directes de liquidit\u00e9s (36,8%) et les reports d\u2019imp\u00f4t (24,1%).<\/p>\n<p>Qui est \u00e0 l\u2019\u00e9coute ?<\/p>\n<p><strong>Lire aussi<br \/><\/strong><\/p>\n<p><a href=\"https:\/\/www.leaders.com.tn\/dossier\/0049-course-au-vaccin-sommes-nous-prets\" target=\"_blank\" rel=\"noopener\">Course au vaccin: sommes-nous pr\u00eats<\/a><\/p>\n<p><a href=\"https:\/\/www.leaders.com.tn\/dossier\/0050-mal-vie-stress-anxiete-depression-comment-se-donner-des-ressorts\" target=\"_blank\" rel=\"noopener\">Mal-vie: Stress, anxi\u00e9t\u00e9, d\u00e9pression&#8230;Comment se donner des ressorts<\/a><\/p>\n<p>Auteur:<br \/>\n<a href=\"https:\/\/www.leaders.com.tn\/article\/31702-covid-19-an-2-ce-qui-nous-attend-en-tunisie\">Cliquez ici pour lire l&rsquo;article depuis sa source.<\/a><\/p>\n","protected":false},"excerpt":{"rendered":"<p>La barre fatidique des 10 000 d\u00e9c\u00e8s risque d\u2019\u00eatre d\u00e9pass\u00e9e au cours de ce mois d\u2019avril. En comparaison d\u2019autres pays, la Tunisie semble s\u2019en sortir sans lourdes pertes en vies humaines. Mais, un seul mort, et c\u2019est d\u00e9j\u00e0 de trop. La pand\u00e9mie continue \u00e0 s\u00e9vir, le rel\u00e2chement de la vigilance s\u2019est install\u00e9, la vaccination est [&hellip;]<\/p>\n","protected":false},"author":1772,"featured_media":0,"comment_status":"closed","ping_status":"closed","sticky":false,"template":"","format":"standard","meta":{"fifu_image_url":"\/uploads\/FCK_files\/Nisaf-Ben-Alaya.jpg","fifu_image_alt":"Covid-19, An 2: Ce qui nous attend en Tunisie","footnotes":""},"categories":[73,55],"tags":[],"class_list":["post-114765","post","type-post","status-publish","format-standard","hentry","category-actualite","category-tunisie"],"_links":{"self":[{"href":"https:\/\/linitiative.ca\/International\/wp-json\/wp\/v2\/posts\/114765","targetHints":{"allow":["GET"]}}],"collection":[{"href":"https:\/\/linitiative.ca\/International\/wp-json\/wp\/v2\/posts"}],"about":[{"href":"https:\/\/linitiative.ca\/International\/wp-json\/wp\/v2\/types\/post"}],"author":[{"embeddable":true,"href":"https:\/\/linitiative.ca\/International\/wp-json\/wp\/v2\/users\/1772"}],"replies":[{"embeddable":true,"href":"https:\/\/linitiative.ca\/International\/wp-json\/wp\/v2\/comments?post=114765"}],"version-history":[{"count":0,"href":"https:\/\/linitiative.ca\/International\/wp-json\/wp\/v2\/posts\/114765\/revisions"}],"wp:attachment":[{"href":"https:\/\/linitiative.ca\/International\/wp-json\/wp\/v2\/media?parent=114765"}],"wp:term":[{"taxonomy":"category","embeddable":true,"href":"https:\/\/linitiative.ca\/International\/wp-json\/wp\/v2\/categories?post=114765"},{"taxonomy":"post_tag","embeddable":true,"href":"https:\/\/linitiative.ca\/International\/wp-json\/wp\/v2\/tags?post=114765"}],"curies":[{"name":"wp","href":"https:\/\/api.w.org\/{rel}","templated":true}]}}