{"id":114766,"date":"2021-04-12T15:00:00","date_gmt":"2021-04-12T19:00:00","guid":{"rendered":"https:\/\/linitiative.ca\/International\/hommage-posthume-a-maitre-latifa-tlemceni-dahmouni\/"},"modified":"2021-04-12T15:00:00","modified_gmt":"2021-04-12T19:00:00","slug":"hommage-posthume-a-maitre-latifa-tlemceni-dahmouni","status":"publish","type":"post","link":"https:\/\/linitiative.ca\/International\/hommage-posthume-a-maitre-latifa-tlemceni-dahmouni\/","title":{"rendered":"Hommage posthume \u00e0 Ma\u00eetre Latifa Tlemceni-Dahmouni"},"content":{"rendered":"<p><em><span class=\"c2\"><strong>Par Radhia Jebali &#8211;<\/strong><\/span><\/em> Hommage posthume \u00e0 une Grande Dame, Ma\u00eetre Latifa Tlemceni-Dahmouni, ex Avocat au Barreau de Tunis, qui <em><span class=\"c2\"><strong><img decoding=\"async\" src=\"\/uploads\/FCK_files\/Radhia-Jebali.jpg\" width=\"15%\" vspace=\"5\" hspace=\"5\" align=\"left\" alt=\"\"\/><\/strong><\/span><\/em>vient de nous quitter des suites d\u2019une longue maladie qu\u2019elle a affront\u00e9e avec courage et s\u00e9r\u00e9nit\u00e9.<\/p>\n<p>Le Conseil National de l\u2019Ordre des Avocats a publi\u00e9 un communiqu\u00e9 le 17 mars 2021 annon\u00e7ant son d\u00e9c\u00e8s survenu le jour-m\u00eame et a pr\u00e9sent\u00e9 ses condol\u00e9ances \u00e9mues \u00e0 sa famille, \u00e0 ses cons\u0153urs et ses confr\u00e8res, priant le Tout-Puissant de lui accorder son enti\u00e8re mis\u00e9ricorde et de l\u2019accueillir dans son Paradis \u00e9ternel.\u00a0<\/p>\n<p>Femme affable, humble, au contact chaleureux et bienveillant, arborant toujours un sourire franc et g\u00e9n\u00e9reux d\u00e9notant un amour gourmand de la vie et un \u00e9lan spontan\u00e9 vers l\u2019autre. El\u00e9gante, distingu\u00e9e, port de t\u00eate altier, elle avait cette \u00e9l\u00e9gance inn\u00e9e de l\u2019\u00e2me qui for\u00e7ait le respect et qu\u2019on lui enviait. \u00a0<\/p>\n<p>Ayant grandi dans une famille aimante, elle y a \u00e9t\u00e9 impr\u00e9gn\u00e9e des valeurs d\u2019entraide et de solidarit\u00e9. Elle en avait fait son cr\u00e9do, sa devise, toujours prompte \u00e0 venir en aide aux faibles, aux pauvres, aux d\u00e9munis et aussi \u00e0 ceux d\u00e9sempar\u00e9s face aux arcanes de l\u2019Appareil judiciaire et de l\u2019Administration. Jamais avare de son temps ni de ses deniers, elle endossait leurs d\u00e9marches plaidant, le cas \u00e9ch\u00e9ant, \u00e0 leur proc\u00e8s b\u00e9n\u00e9volement, le tout dans la plus grande discr\u00e9tion par souci de m\u00e9nager la dignit\u00e9 de l\u2019autre.\u00a0<\/p>\n<p>Latifa Tlemceni appartient \u00e0 cette g\u00e9n\u00e9ration de femmes tunisiennes nourrie d\u00e8s la prime jeunesse au r\u00eave d\u2019\u00e9mancipation, de libert\u00e9, de modernit\u00e9 pour la femme au b\u00e9n\u00e9fice d\u2019une \u00e9ducation solide, id\u00e9al dont Bourguiba \u00e9tait le chantre. Elle incarnait bien cet id\u00e9al de femme tunisienne moderne.<\/p>\n<p>En guise de reconnaissance par ses pairs, le Conseil National de l\u2019Ordre des Avocats lui a rendu un hommage officiel \u00e0 l\u2019occasion de la f\u00eate de la Femme en 2018 pour\u00a0 l\u2019ensemble de son honorable carri\u00e8re.<\/p>\n<p class=\"c3\"><img decoding=\"async\" src=\"\/uploads\/FCK_files\/image3-22.jpg\" alt=\"\" width=\"100%\" vspace=\"5\" hspace=\"5\" align=\"middle\"\/><\/p>\n<p>Femme de devoir, femme \u00e0 principes, elle \u00e9tait attach\u00e9e aux valeurs et aux acquis de son pays s\u2019inqui\u00e9tant ces derniers temps du risque de d\u00e9gradation et de d\u00e9litement d\u2019acquis ayant fait la fiert\u00e9 de la Tunisie d\u00e8s les premi\u00e8res ann\u00e9es de l\u2019ind\u00e9pendance.<\/p>\n<p>Femme ouverte \u00e0 la culture, sensible \u00e0 l\u2019art, \u00e0 la cr\u00e9ativit\u00e9, elle \u00e9tait toujours au fait du calendrier des manifestations culturels et artistiques se rendant souvent \u00e0 des conf\u00e9rences, des concerts ou des repr\u00e9sentations th\u00e9\u00e2trales jusqu\u2019\u00e0 ce que la maladie vienne y mettre fin puis le Covid. Elle organisait \u00e0 cet effet des sorties en groupes. Elle offrait gracieusement les billets aux spectacles, aimant partager ces moments de plaisir et d\u00e9sireuse par la m\u00eame d\u2019encourager les \u00e9v\u00e9nements culturels.<\/p>\n<p class=\"c3\"><img decoding=\"async\" src=\"\/uploads\/FCK_files\/image4-25.jpg\" alt=\"\" width=\"100%\" vspace=\"5\" hspace=\"5\" align=\"middle\"\/><\/p>\n<p>A ses heures de libert\u00e9, elle \u00e9cumait les expositions de peinture engrangeant les achats de tableaux dont certains sur un coup de coeur et d\u2019autres pour \u00ab encourager les artistes-peintres et notamment les jeunes talents \u00bb, disait-elle. Hasard ou choix d\u00e9lib\u00e9r\u00e9, les tableaux en sa possession repr\u00e9sentent les courants et Ecoles de peinture de la Tunisie constituant un panorama de l\u2019Histoire du pays en mati\u00e8re de peinture.<\/p>\n<p>D\u00e9bonnaire, Latifa \u00e9tait toujours disponible et volontaire pour venir en aide aux associations organisant des manifestations caritatives.<\/p>\n<p>Par ailleurs, femme ouverte au monde, elle \u00e9tait grande voyageuse aimant pousser la d\u00e9couverte \u00e0 des contr\u00e9es lointaines dont elle revenait enchant\u00e9e \u00e0 chaque fois et encore d\u00e9sireuse de conna\u00eetre d\u2019autres horizons et d\u2019autres civilisations.\u00a0<\/p>\n<p>Latifa Tlemceni \u00e9tait tout cela.Femme d\u00e9vou\u00e9e aux siens, \u00e0 ses ami(e)s pour lesquels elle vouait une amiti\u00e9 sinc\u00e8re et solide. Elle manque beaucoup d\u00e9j\u00e0 \u00e0 tous ceux qui l\u2019ont c\u00f4toy\u00e9e et aim\u00e9e.<\/p>\n<p>Elle laisse un vide incommensurable \u00e0 sa famille dont elle \u00e9tait le pilier, la source de ga\u00eet\u00e9, de joie et de bonheur. Mes pens\u00e9es \u00e9mues vont \u00e0 son fr\u00e8re, ses soeurs, ses neveux et ni\u00e8ces. Puisse Dieu les aider \u00e0 surmonter ce deuil.\u00a0<\/p>\n<p>Puisse Dieu accorder \u00e0 la d\u00e9funte son infinie mis\u00e9ricorde et l\u2019accueillir en son Paradis.<\/p>\n<p class=\"c5\"><strong>Radhia Jebali<\/strong><br \/><span class=\"c4\"><em>Professeur de Lettres &#8211; Retrait\u00e9e<\/em><\/span><\/p>\n<p>Auteur:<br \/>\n<a href=\"https:\/\/www.leaders.com.tn\/article\/31704-hommage-posthume-a-maitre-latifa-tlemceni-dahmouni\">Cliquez ici pour lire l&rsquo;article depuis sa source.<\/a><\/p>\n","protected":false},"excerpt":{"rendered":"<p>Par Radhia Jebali &#8211; Hommage posthume \u00e0 une Grande Dame, Ma\u00eetre Latifa Tlemceni-Dahmouni, ex Avocat au Barreau de Tunis, qui vient de nous quitter des suites d\u2019une longue maladie qu\u2019elle a affront\u00e9e avec courage et s\u00e9r\u00e9nit\u00e9. Le Conseil National de l\u2019Ordre des Avocats a publi\u00e9 un communiqu\u00e9 le 17 mars 2021 annon\u00e7ant son d\u00e9c\u00e8s survenu [&hellip;]<\/p>\n","protected":false},"author":1772,"featured_media":0,"comment_status":"closed","ping_status":"closed","sticky":false,"template":"","format":"standard","meta":{"fifu_image_url":"\/uploads\/FCK_files\/Radhia-Jebali.jpg","fifu_image_alt":"Hommage posthume \u00e0 Ma\u00eetre Latifa Tlemceni-Dahmouni","footnotes":""},"categories":[73,55],"tags":[],"class_list":["post-114766","post","type-post","status-publish","format-standard","hentry","category-actualite","category-tunisie"],"_links":{"self":[{"href":"https:\/\/linitiative.ca\/International\/wp-json\/wp\/v2\/posts\/114766","targetHints":{"allow":["GET"]}}],"collection":[{"href":"https:\/\/linitiative.ca\/International\/wp-json\/wp\/v2\/posts"}],"about":[{"href":"https:\/\/linitiative.ca\/International\/wp-json\/wp\/v2\/types\/post"}],"author":[{"embeddable":true,"href":"https:\/\/linitiative.ca\/International\/wp-json\/wp\/v2\/users\/1772"}],"replies":[{"embeddable":true,"href":"https:\/\/linitiative.ca\/International\/wp-json\/wp\/v2\/comments?post=114766"}],"version-history":[{"count":0,"href":"https:\/\/linitiative.ca\/International\/wp-json\/wp\/v2\/posts\/114766\/revisions"}],"wp:attachment":[{"href":"https:\/\/linitiative.ca\/International\/wp-json\/wp\/v2\/media?parent=114766"}],"wp:term":[{"taxonomy":"category","embeddable":true,"href":"https:\/\/linitiative.ca\/International\/wp-json\/wp\/v2\/categories?post=114766"},{"taxonomy":"post_tag","embeddable":true,"href":"https:\/\/linitiative.ca\/International\/wp-json\/wp\/v2\/tags?post=114766"}],"curies":[{"name":"wp","href":"https:\/\/api.w.org\/{rel}","templated":true}]}}