{"id":114773,"date":"2021-04-12T12:07:07","date_gmt":"2021-04-12T16:07:07","guid":{"rendered":"https:\/\/linitiative.ca\/International\/institut-cdg-tout-sur-le-cycle-de-conferences-2020-regard-vers-le-futur\/"},"modified":"2021-04-12T12:07:07","modified_gmt":"2021-04-12T16:07:07","slug":"institut-cdg-tout-sur-le-cycle-de-conferences-2020-regard-vers-le-futur","status":"publish","type":"post","link":"https:\/\/linitiative.ca\/International\/institut-cdg-tout-sur-le-cycle-de-conferences-2020-regard-vers-le-futur\/","title":{"rendered":"Institut CDG : tout sur le cycle de conf\u00e9rences 2020 \u00abRegard vers le futur\u00bb"},"content":{"rendered":"<p><strong>Organisme de s\u00e9curisation de l\u2019\u00e9pargne nationale et investisseur institutionnel majeur au service du d\u00e9veloppement du Maroc depuis plus d\u2019une soixantaine d\u2019ann\u00e9es,<\/strong> <strong>la Caisse de D\u00e9p\u00f4t et de Gestion (CDG), via l\u2019Institut CDG, a permis durant 2020, \u00e0 travers son cycle de conf\u00e9rences \u00abRegard vers le futur\u00bb, de\u00a0 d\u00e9battre autour de probl\u00e9matiques d\u2019actualit\u00e9\u00a0 et de proposer \u00e9galement des tendances qui fa\u00e7onneront le futur et le d\u00e9veloppement de vues prospectives. Synth\u00e8se et vid\u00e9o.<\/strong><\/p>\n<div class=\"c10\">\n<\/div>\n<p>Organis\u00e9 parl\u2019Institut CDG, et ce, depuis 2018, l\u2019objectif de ses diff\u00e9rentes rencontres th\u00e9matiques consiste, pour les intervenants qui y sont convi\u00e9s, \u00e0 d\u00e9battre autour de probl\u00e9matiques d\u2019actualit\u00e9s nationales et internationales et \u00e0 partager leur expertise, compte tenu de leurs exp\u00e9riences professionnelles respectives dans leur domaine de pr\u00e9dilection. De quoi permettre aux personnes convi\u00e9es assistant \u00e0 ses conf\u00e9rences de se faire une id\u00e9e plus pr\u00e9cise sur une th\u00e9matique donn\u00e9e et d\u2019appr\u00e9cier les tendances et autres pistes de r\u00e9flexion en termes de prospectives et de d\u00e9veloppement futurs propos\u00e9s par les intervenants.\u00a0<\/p>\n<p>\u00c0 travers son cycle de conf\u00e9rences \u00abRegard vers le futur\u00bb, l\u2019Institut CDG indique avoir mis en relief les dynamiques socio-\u00e9conomiques qui contribuent actuellement \u00e0 b\u00e2tir la soci\u00e9t\u00e9 marocaine et o\u00f9 les questions d\u00e9mographiques, \u00e9cologiques, sanitaires, \u00e9ducatives, mais aussi technologiques et entrepreneuriales rev\u00eatent une importance capitale. L\u2019\u00e9dition 2020 s\u2019est d\u2019ailleurs d\u00e9roul\u00e9e en 9 webinaires r\u00e9unissant une quarantaine d\u2019intervenants du Maroc, mais aussi en provenance de l\u2019\u00e9tranger.<\/p>\n<p><strong>Lire aussi |<\/strong> <strong><a href=\"https:\/\/www.challenge.ma\/mohamed-benchaaboun-il-est-necessaire-dencourager-la-production-de-vaccins-dans-les-pays-en-developpement-181270\/\">Mohamed Bencha\u00e2boun : \u00ab Il est n\u00e9cessaire d\u2019encourager la production de vaccins dans les pays en d\u00e9veloppement \u00bb<\/a><\/strong><\/p>\n<p>C\u2019est dans un contexte li\u00e9 \u00e0 la covid-19 et \u00e0 l\u2019impact de la pand\u00e9mie sur les activit\u00e9s humaines que le panel d\u2019experts, conform\u00e9ment aux th\u00e9matiques propos\u00e9es, s\u2019est interrog\u00e9 sur la mani\u00e8re de croiser les questions d\u2019\u00e9ducation, de sant\u00e9, de soci\u00e9t\u00e9 et de l\u2019entreprise au regard des progr\u00e8s technologiques pour cr\u00e9er de nouvelles intelligences collectives notamment \u00e0 l\u2019\u00e9chelle nationale.<\/p>\n<p><strong>9 th\u00e9matiques bien ficel\u00e9es<\/strong><\/p>\n<p>Dans le d\u00e9tail, la premi\u00e8re conf\u00e9rence digitale s\u2019est effectu\u00e9e le 15 septembre 2020 sous le th\u00e8me \u00ab<strong>L\u2019entreprise de demain sera digitale\u00bb.<\/strong> En effet, le digital n\u2019est plus une option pour l\u2019entreprise, mais devient incontournable pour son d\u00e9veloppement. Il offre la possibilit\u00e9 de cr\u00e9er, entre autres, de nouveaux produits et services, de raccourcir les d\u00e9lais de commercialisation et permet aussi de r\u00e9inventer les interactions avec les clients.<\/p>\n<p>S\u2019en est suivi le 22 septembre 2020 une nouvelle rencontre digitale concoct\u00e9e par l\u2019Institut CDG et autour de laquelle les intervenants ont d\u00e9battu\u00a0 sur la th\u00e9matique suivante\u00a0:<strong>\u00a0\u00abPeut-on faire confiance \u00e0 l\u2019intelligence artificielle\u00a0?\u00bb.<\/strong> En effet, l\u2019intelligence artificielle est aujourd\u2019hui au c\u0153urdes mutations que connait la soci\u00e9t\u00e9 et sert de support \u00e0 un grand nombre d\u2019activit\u00e9s r\u00e9currentes de la vie quotidienne.<\/p>\n<figure class=\"wp-block-embed is-type-video is-provider-youtube wp-block-embed-youtube wp-embed-aspect-4-3 wp-has-aspect-ratio\">\n<div class=\"wp-block-embed__wrapper\"><iframe loading=\"lazy\" title=\"Institut CDG : tout sur le cycle de conf\u00e9rences 2020 \u00abRegard vers le futur\u00bb\" width=\"1140\" height=\"855\" src=\"https:\/\/www.youtube.com\/embed\/lfocB6wDKmA?feature=oembed\" frameborder=\"0\" allow=\"accelerometer; autoplay; clipboard-write; encrypted-media; gyroscope; picture-in-picture\" allowfullscreen=\"allowfullscreen\">[embedded content]<\/iframe><\/div>\n<\/figure>\n<p><strong>\u00abLa finance verte, un levier pour relancer la croissance \u00e9conomique\u00a0?\u00bb,<\/strong> tel \u00e9tait le sujet de de cet autre webinaire concoct\u00e9 par l\u2019Institut CDG. Compte tenu du choc social et \u00e9conomique g\u00e9n\u00e9r\u00e9 par la pand\u00e9mie, cette derni\u00e8re pourrait aussi \u00eatre l\u2019occasion de reconstruire une \u00e9conomie mondiale plus \u00e9galitaire et plus durable, allant bien au-del\u00e0 du financement de la transition \u00e9nerg\u00e9tique et la transformation des mod\u00e8les de cha\u00eenes d\u2019approvisionnement. De quoi permettrede d\u00e9velopper un monde bas carbone, plus \u00e9quilibr\u00e9, mais aussi plus juste et, id\u00e9alement, plus r\u00e9silient.<\/p>\n<p>Le 13 octobre, c\u2019est une th\u00e9matique fondamentale pour les g\u00e9n\u00e9rations \u00e0 venir, \u00e0 savoir le syst\u00e8me \u00e9ducatif national, qui a fait l\u2019objet d\u2019une longue analyse par le panel de sp\u00e9cialistes convi\u00e9 par la Caisse. Th\u00e8me du d\u00e9bat\u00a0: \u00ab<strong>Pour une vision plus dynamique du r\u00f4le de l\u2019\u00e9ducation, de nouvelles<\/strong> <strong>comp\u00e9tences pour un monde complexe\u00bb.<\/strong> Du reste, leMaroc a fait de la r\u00e9forme de son syst\u00e8me \u00e9ducatif une priorit\u00e9 nationale avec l\u2019objectif d\u2019en faire un puissant levier de son ambition de d\u00e9veloppement. Et sachant que l\u2019\u00e9ducation demeure l\u2019\u00e9pine dorsale de la soci\u00e9t\u00e9, tout changement du syst\u00e8me \u00e9ducatif devra d\u2019abord passer par un changement profond de l\u2019\u00e9cole.<\/p>\n<p><strong>\u00abL\u2019\u00e9pid\u00e9mie du coronavirus bouleversera-t-elle durablement l\u2019industrie de l\u2019\u00e9nergie\u00a0?\u00bb.<\/strong> C\u2019est avec ce th\u00e8me d\u00e9battu le 15 septembre dernier que les experts ont soulign\u00e9 le r\u00f4le fondamental que joue l\u2019\u00e9nergie dans le d\u00e9veloppement humain et \u00e9conomique.Auquel cas y avoir acc\u00e8s constitue un maillon fondamental \u00e0 la stabilit\u00e9 sociale. \u00c0 la question \u00e9nerg\u00e9tique s\u2019attachent d\u2019autres objectifs li\u00e9s aux \u00e9missions de CO2, \u00e0 la cr\u00e9ation d\u2019emplois et \u00e0 l\u2019acceptation sociale des sources d\u2019\u00e9nergie d\u00e9velopp\u00e9es.<\/p>\n<p>Le 3 novembre 2020, le cycle de conf\u00e9rences \u00abRegard vers le futur\u00bb s\u2019est focalis\u00e9 sur le th\u00e8me <strong>\u00abComment am\u00e9liorer la durabilit\u00e9 des villes gr\u00e2ce \u00e0 l\u2019\u00e9conomie circulaire\u00a0?\u00bb.<\/strong> En effet, l\u2019urbanisation croissante et rapide, ainsi que l\u2019am\u00e9lioration continue du niveau de vie des populations, ont donn\u00e9 naissance \u00e0 une soci\u00e9t\u00e9 de consommation globale et quasiment illimit\u00e9e ainsi que destructrice de l\u2019environnement : demande de logements en augmentation, consommation de produits alimentaires et d\u2019usage courant qui explosent, produits \u00e9ph\u00e9m\u00e8res et jetables en forte progression\u2026<\/p>\n<p><strong>Lire aussi |<\/strong> <strong><a href=\"https:\/\/www.challenge.ma\/coronavirus-le-vaccin-pfizer-biontech-moins-efficace-contre-le-variant-sud-africain-etude-181266\/\">Coronavirus : le vaccin Pfizer\/BioNTech moins efficace contre le variant sud-africain [\u00c9tude]<\/a><\/strong><\/p>\n<p><strong>\u00abInterroger le mod\u00e8le national de gestion des d\u00e9chets \u00e0 l\u2019aune de l\u2019urgence des opportunit\u00e9s \u00e9conomiques\u00bb<\/strong>,telle f\u00fbt la th\u00e9matique abord\u00e9e le 10 novembre dernier dans le d\u00e9bat propos\u00e9 par l\u2019Institut CDG. En effet, la gestion des d\u00e9chets demeure une probl\u00e9matique centrale, \u00e0 l\u2019\u00e9chelle mondiale, dans la lutte pour la pr\u00e9servation de l\u2019environnement et la protection de la sant\u00e9 des populations. Or de nos jours, le Maroc produit une quantit\u00e9 importante de d\u00e9chets, qu\u2019ils soient m\u00e9nagers, industriels ou agricoles.<\/p>\n<p>Le 1<sup>er<\/sup> d\u00e9cembre 2020, le panel d\u2019experts s\u2019est pench\u00e9 sur la th\u00e9matique suivante, \u00e0 savoir\u00a0:<strong>\u00a0\u00abLa mobilit\u00e9 face au d\u00e9fi de la complexit\u00e9 des syst\u00e8mes urbains\u00bb.<\/strong> Dans une soci\u00e9t\u00e9 toujours plus urbanis\u00e9e et communicante, les mobilit\u00e9s prennent une importance croissante, conditionnant l\u2019acc\u00e8s au logement, \u00e0 la sant\u00e9, au travail, \u00e0 la culture, \u00e0 l\u2019\u00e9ducation et aux loisirs. La qualit\u00e9 des moyens de locomotion est ainsi devenue une probl\u00e9matique centrale au sein de la vie urbaine, dans laquelle le d\u00e9veloppement des nouvelles technologies tient une place majeure.<\/p>\n<p>C\u2019est le 9 d\u00e9cembre 2020 que s\u2019est achev\u00e9 le cycle de conf\u00e9rences \u00abRegard vers le futur\u00bb de l\u2019Institut CDG. La derni\u00e8re th\u00e9matique \u00e9tait la suivante\u00a0:\u00a0\u00ab<strong>R<\/strong><strong>epenser les d\u00e9terminants de la politique sanitaire\u00bb.<\/strong> L\u2019actuelle \u00e9pid\u00e9mie de Covid-19 est plus qu\u2019une crise dans la mesure o\u00f9 elle a oblig\u00e9 de nombreux \u00e9tats, dont le Maroc, \u00e0 repenser leur mani\u00e8re d\u2019appr\u00e9hender la sant\u00e9 publique. De l\u2019avis de nombreux acteurs nationaux, c\u2019est une exp\u00e9rience sans pr\u00e9c\u00e9dent et extr\u00eamement complexe, comportant de nombreuses ramifications \u00e9conomiques, sociales et s\u00e9curitaires. Le syst\u00e8me sanitaire national doit \u00eatre en mesure d\u2019absorber ces nouveaux chocs tout en maintenant la prise en charge des besoins sanitaires et des demandes de soins des populations.<\/p>\n<p>Outre le fait de recueillir de plus amples informations sur le site web de l\u2019Institut CDG (<a href=\"http:\/\/www.intitut.cdg.ma\">www.intitut.cdg.ma<\/a>), ces webinaires peuvent \u00eatre visionn\u00e9s dans leur int\u00e9gralit\u00e9 sur YouTube, plus pr\u00e9cis\u00e9ment sur le lien suivant\u00a0: webinaire\u00a0: <strong><a href=\"https:\/\/www.youtube.com\/channel\/UCTTFhWLVdxVPC2_Xf6CSyEQ\">www.youtube.com\/institutcdg<\/a><\/strong><\/p>\n<p>Auteur: challenge<br \/>\n<a href=\"https:\/\/www.challenge.ma\/institut-cdg-tout-sur-le-cycle-de-conferences-2020-regard-vers-le-futur-181297\/\">Cliquez ici pour lire l&rsquo;article depuis sa source.<\/a><\/p>\n","protected":false},"excerpt":{"rendered":"<p>Organisme de s\u00e9curisation de l\u2019\u00e9pargne nationale et investisseur institutionnel majeur au service du d\u00e9veloppement du Maroc depuis plus d\u2019une soixantaine d\u2019ann\u00e9es, la Caisse de D\u00e9p\u00f4t et de Gestion (CDG), via l\u2019Institut CDG, a permis durant 2020, \u00e0 travers son cycle de conf\u00e9rences \u00abRegard vers le futur\u00bb, de\u00a0 d\u00e9battre autour de probl\u00e9matiques d\u2019actualit\u00e9\u00a0 et de proposer [&hellip;]<\/p>\n","protected":false},"author":1787,"featured_media":0,"comment_status":"closed","ping_status":"closed","sticky":false,"template":"","format":"standard","meta":{"fifu_image_url":"","fifu_image_alt":"","footnotes":""},"categories":[78,54],"tags":[],"class_list":["post-114773","post","type-post","status-publish","format-standard","hentry","category-economie","category-maroc"],"_links":{"self":[{"href":"https:\/\/linitiative.ca\/International\/wp-json\/wp\/v2\/posts\/114773","targetHints":{"allow":["GET"]}}],"collection":[{"href":"https:\/\/linitiative.ca\/International\/wp-json\/wp\/v2\/posts"}],"about":[{"href":"https:\/\/linitiative.ca\/International\/wp-json\/wp\/v2\/types\/post"}],"author":[{"embeddable":true,"href":"https:\/\/linitiative.ca\/International\/wp-json\/wp\/v2\/users\/1787"}],"replies":[{"embeddable":true,"href":"https:\/\/linitiative.ca\/International\/wp-json\/wp\/v2\/comments?post=114773"}],"version-history":[{"count":0,"href":"https:\/\/linitiative.ca\/International\/wp-json\/wp\/v2\/posts\/114773\/revisions"}],"wp:attachment":[{"href":"https:\/\/linitiative.ca\/International\/wp-json\/wp\/v2\/media?parent=114773"}],"wp:term":[{"taxonomy":"category","embeddable":true,"href":"https:\/\/linitiative.ca\/International\/wp-json\/wp\/v2\/categories?post=114773"},{"taxonomy":"post_tag","embeddable":true,"href":"https:\/\/linitiative.ca\/International\/wp-json\/wp\/v2\/tags?post=114773"}],"curies":[{"name":"wp","href":"https:\/\/api.w.org\/{rel}","templated":true}]}}