{"id":114776,"date":"2021-04-12T16:20:57","date_gmt":"2021-04-12T20:20:57","guid":{"rendered":"https:\/\/linitiative.ca\/International\/le-mois-sacre-de-ramadan-debutera-mercredi-au-maroc\/"},"modified":"2021-04-12T16:20:57","modified_gmt":"2021-04-12T20:20:57","slug":"le-mois-sacre-de-ramadan-debutera-mercredi-au-maroc","status":"publish","type":"post","link":"https:\/\/linitiative.ca\/International\/le-mois-sacre-de-ramadan-debutera-mercredi-au-maroc\/","title":{"rendered":"Le mois sacr\u00e9 de Ramadan d\u00e9butera mercredi au Maroc"},"content":{"rendered":"<p><strong>Le minist\u00e8re des Habous et des Affaires islamiques a indiqu\u00e9 que le mois sacr\u00e9 de Ramadan de l\u2019ann\u00e9e 1442 de l\u2019H\u00e9gire va d\u00e9buter mercredi au Maroc. Les d\u00e9tails.<\/strong><\/p>\n<div class=\"c10\">\n<\/div>\n<p>Le minist\u00e8re indique en effet avoir observ\u00e9 le croissant lunaire du mois b\u00e9ni de Ramadan ce lundi 29 Cha\u00e2bane 1442 de l\u2019H\u00e9gire, correspondant au 12 avril 2021 apr\u00e8s la pri\u00e8re d\u2019Al-Maghrib, pr\u00e9cisant que \u00ab\u00a0tous les d\u00e9l\u00e9gu\u00e9s du minist\u00e8re dans le Royaume et les Unit\u00e9s des Forces arm\u00e9es royales associ\u00e9es \u00e0 l\u2019observation ont confirm\u00e9 la non-observation du croissant lunaire annon\u00e7ant le mois sacr\u00e9 de Ramadan\u00a0\u00bb.<\/p>\n<p>De ce fait, le mois de Cha\u00e2bane aura \u00e9puis\u00e9 ses 30 jours et le premier jour du mois sacr\u00e9 du Ramadan 1442 de l\u2019H\u00e9gire correspondra au mercredi 14 avril 2021, pr\u00e9cise le minist\u00e8re.<\/p>\n<p><strong>Lire aussi| <a href=\"https:\/\/www.challenge.ma\/coronavirus-le-vaccin-pfizer-biontech-moins-efficace-contre-le-variant-sud-africain-etude-181266\/\">Coronavirus : le vaccin Pfizer\/BioNTech moins efficace contre le variant sud-africain [\u00c9tude]<\/a><\/strong><\/p>\n<p>Auteur: challenge<br \/>\n<a href=\"https:\/\/www.challenge.ma\/le-mois-sacre-de-ramadan-debutera-mercredi-au-maroc-181346\/\">Cliquez ici pour lire l&rsquo;article depuis sa source.<\/a><\/p>\n","protected":false},"excerpt":{"rendered":"<p>Le minist\u00e8re des Habous et des Affaires islamiques a indiqu\u00e9 que le mois sacr\u00e9 de Ramadan de l\u2019ann\u00e9e 1442 de l\u2019H\u00e9gire va d\u00e9buter mercredi au Maroc. Les d\u00e9tails. Le minist\u00e8re indique en effet avoir observ\u00e9 le croissant lunaire du mois b\u00e9ni de Ramadan ce lundi 29 Cha\u00e2bane 1442 de l\u2019H\u00e9gire, correspondant au 12 avril 2021 [&hellip;]<\/p>\n","protected":false},"author":1787,"featured_media":0,"comment_status":"closed","ping_status":"closed","sticky":false,"template":"","format":"standard","meta":{"fifu_image_url":"","fifu_image_alt":"","footnotes":""},"categories":[78,54],"tags":[],"class_list":["post-114776","post","type-post","status-publish","format-standard","hentry","category-economie","category-maroc"],"_links":{"self":[{"href":"https:\/\/linitiative.ca\/International\/wp-json\/wp\/v2\/posts\/114776","targetHints":{"allow":["GET"]}}],"collection":[{"href":"https:\/\/linitiative.ca\/International\/wp-json\/wp\/v2\/posts"}],"about":[{"href":"https:\/\/linitiative.ca\/International\/wp-json\/wp\/v2\/types\/post"}],"author":[{"embeddable":true,"href":"https:\/\/linitiative.ca\/International\/wp-json\/wp\/v2\/users\/1787"}],"replies":[{"embeddable":true,"href":"https:\/\/linitiative.ca\/International\/wp-json\/wp\/v2\/comments?post=114776"}],"version-history":[{"count":0,"href":"https:\/\/linitiative.ca\/International\/wp-json\/wp\/v2\/posts\/114776\/revisions"}],"wp:attachment":[{"href":"https:\/\/linitiative.ca\/International\/wp-json\/wp\/v2\/media?parent=114776"}],"wp:term":[{"taxonomy":"category","embeddable":true,"href":"https:\/\/linitiative.ca\/International\/wp-json\/wp\/v2\/categories?post=114776"},{"taxonomy":"post_tag","embeddable":true,"href":"https:\/\/linitiative.ca\/International\/wp-json\/wp\/v2\/tags?post=114776"}],"curies":[{"name":"wp","href":"https:\/\/api.w.org\/{rel}","templated":true}]}}