{"id":114783,"date":"2021-04-12T15:46:23","date_gmt":"2021-04-12T19:46:23","guid":{"rendered":"https:\/\/linitiative.ca\/International\/noces-de-diamant-du-parti-de-lelephant-en-rci\/"},"modified":"2021-04-12T15:46:23","modified_gmt":"2021-04-12T19:46:23","slug":"noces-de-diamant-du-parti-de-lelephant-en-rci","status":"publish","type":"post","link":"https:\/\/linitiative.ca\/International\/noces-de-diamant-du-parti-de-lelephant-en-rci\/","title":{"rendered":"NOCES DE DIAMANT DU PARTI DE L\u2019ELEPHANT EN RCI"},"content":{"rendered":"<p class=\"c4\"><em>Des noces de diamant\u00a0! C\u2019est ce que c\u00e9l\u00e8bre le plus vieux parti de la C\u00f4te d\u2019Ivoire. Le Parti d\u00e9mocratique de C\u00f4te d\u2019Ivoire \/ Rassemblement d\u00e9mocratique africain (PDCI\/RDA), puisque c\u2019est de lui qu\u2019il s\u2019agit, a 75 ans. A cette occasion, des militants et sympathisants sont venus des quatre coins du pays pour prendre part \u00e0 l\u2019\u00e9v\u00e9nement dans un contexte o\u00f9 la C\u00f4te d\u2019Ivoire a mal \u00e0 sa coh\u00e9sion sociale\u00a0; le pays ayant connu une s\u00e9rie de crises, les unes aussi sanglantes que les autres. On comprend d\u00e8s lors pourquoi le discours du patron du PDCI\/RDA, en la personne de Henri Konan B\u00e9di\u00e9 (HKB), avait un accent tr\u00e8s politique\u00a0; lui qui semble jeter la responsabilit\u00e9 des malheurs de la C\u00f4te d\u2019Ivoire sur les autres puisque, selon lui, le basculement est n\u00e9 de l\u2019\u00e9viction par les armes, du PDCI\/RDA du pouvoir\u00a0: \u00ab\u00a0Que de morts en 1999\u00a0! En 2002, que de morts\u00a0! En 2010-2011, que de morts\u00a0! En 2020, que d\u2019exil\u00e9s politiques et que de jeunes gens sacrifi\u00e9s\u2026\u00a0\u00bb, a-t-il d\u00e9clar\u00e9 devant une foule acquise \u00e0 sa cause, avant de d\u00e9noncer le \u00ab\u00a03<sup>e<\/sup> mandat inconstitutionnel\u00a0\u00bb du pr\u00e9sident Alassane Dramane Ouattara (ADO). Et ce n\u2019est pas tout. HKB d\u00e9plore un \u00ab\u00a0tissu social d\u00e9chir\u00e9 dans une C\u00f4te d\u2019Ivoire d\u00e9figur\u00e9e\u00a0\u00bb. Ainsi donc, l\u2019ex-pr\u00e9sident ivoirien se fait passer aux yeux de l\u2019opinion, pour un parangon de vertu, oubliant qu\u2019il est aussi pour quelque chose dans le d\u00e9chirement du tissu social en C\u00f4te d\u2019Ivoire.<\/em><\/p>\n<p class=\"c4\"><em>\u00a0<\/em><\/p>\n<p class=\"c4\"><em>\u00a0<\/em><\/p>\n<p class=\"c6\"><strong><em>HKB et autres octog\u00e9naires du parti gagneraient \u00e0 faire valoir leurs droits \u00e0 la retraite afin de faire la place \u00e0 la jeune g\u00e9n\u00e9ration<\/em><\/strong><\/p>\n<p class=\"c6\"><strong><em>\u00a0<\/em><\/strong><\/p>\n<p class=\"c4\"><em>Car, n\u2019est-ce pas lui qui, on s\u2019en souvient, a longtemps surf\u00e9 sur la fibre identitaire, allant jusqu\u2019\u00e0 faire de certains de ses compatriotes, des citoyens de seconde zone ? Etait essentiellement vis\u00e9 ADO, le pr\u00e9sident actuel qu\u2019il vouait aux g\u00e9monies, conscient qu\u2019il ne comptait pas pour du beurre dans le landerneau politique ivoirien. Du reste, la fracture Nord\/Sud en C\u00f4te d\u2019Ivoire, il faut avoir le courage de le dire, est n\u00e9e des errements du pr\u00e9sident B\u00e9di\u00e9 qui n\u2019avait de cesse de faire dans l\u2019exclusion. Si donc le PDCI\/RDA a perdu aujourd\u2019hui de son influence dans le pays, il ne doit s\u2019en prendre qu\u2019\u00e0 lui-m\u00eame. On se rappelle encore que sa strat\u00e9gie \u00e9lectorale en 2015 tout comme en 2020, a \u00e9t\u00e9 s\u00e9v\u00e8rement critiqu\u00e9e par de \u00a0jeunes cadres du parti dont le truculent Kouakou Konan Bertin (KKB) qui, finalement, n\u2019avait pas h\u00e9sit\u00e9 \u00e0 prendre ses distances.<\/em> <em>En tout cas, pour une meilleure modernisation et pour un meilleur renforcement de la d\u00e9mocratie au sein du PDCI\/RDA, HKB et autres octog\u00e9naires du parti gagneraient \u00e0 faire valoir leurs droits \u00e0 la retraite afin de faire la place \u00e0 la jeune g\u00e9n\u00e9ration. C\u2019est \u00e0 ce prix que le PDCI\/RDA pourra op\u00e9rer sa mue et esp\u00e9rer reconqu\u00e9rir le pouvoir d\u2019Etat qu\u2019il a perdu depuis plus de deux d\u00e9cennies. HKB est-il capable de ce sursaut\u00a0? On peut en douter quand on sait qu\u2019en d\u00e9pit de ses 86 piges, le Sphinx de Daoukro, ainsi qu\u2019on le surnomme, a tenu \u00e0 d\u00e9fendre les couleurs du parti\u00a0 \u00e0 la derni\u00e8re pr\u00e9sidentielle comme si le parti ne regorge pas d\u2019autres comp\u00e9tences.<\/em><\/p>\n<p class=\"c4\"><em>\u00a0<\/em><\/p>\n<p class=\"c6\"><strong><em>B.O<\/em><\/strong><\/p>\n<p>Auteur: Editions LEPAYS<br \/>\n<a href=\"https:\/\/lepays.bf\/noces-de-diamant-du-parti-de-lelephant-en-rci\/\">Cliquez ici pour lire l&rsquo;article depuis sa source.<\/a><\/p>\n","protected":false},"excerpt":{"rendered":"<p>Des noces de diamant\u00a0! C\u2019est ce que c\u00e9l\u00e8bre le plus vieux parti de la C\u00f4te d\u2019Ivoire. Le Parti d\u00e9mocratique de C\u00f4te d\u2019Ivoire \/ Rassemblement d\u00e9mocratique africain (PDCI\/RDA), puisque c\u2019est de lui qu\u2019il s\u2019agit, a 75 ans. A cette occasion, des militants et sympathisants sont venus des quatre coins du pays pour prendre part \u00e0 l\u2019\u00e9v\u00e9nement [&hellip;]<\/p>\n","protected":false},"author":1813,"featured_media":0,"comment_status":"closed","ping_status":"closed","sticky":false,"template":"","format":"standard","meta":{"fifu_image_url":"","fifu_image_alt":"","footnotes":""},"categories":[73,81],"tags":[],"class_list":["post-114783","post","type-post","status-publish","format-standard","hentry","category-actualite","category-burkina-faso"],"_links":{"self":[{"href":"https:\/\/linitiative.ca\/International\/wp-json\/wp\/v2\/posts\/114783","targetHints":{"allow":["GET"]}}],"collection":[{"href":"https:\/\/linitiative.ca\/International\/wp-json\/wp\/v2\/posts"}],"about":[{"href":"https:\/\/linitiative.ca\/International\/wp-json\/wp\/v2\/types\/post"}],"author":[{"embeddable":true,"href":"https:\/\/linitiative.ca\/International\/wp-json\/wp\/v2\/users\/1813"}],"replies":[{"embeddable":true,"href":"https:\/\/linitiative.ca\/International\/wp-json\/wp\/v2\/comments?post=114783"}],"version-history":[{"count":0,"href":"https:\/\/linitiative.ca\/International\/wp-json\/wp\/v2\/posts\/114783\/revisions"}],"wp:attachment":[{"href":"https:\/\/linitiative.ca\/International\/wp-json\/wp\/v2\/media?parent=114783"}],"wp:term":[{"taxonomy":"category","embeddable":true,"href":"https:\/\/linitiative.ca\/International\/wp-json\/wp\/v2\/categories?post=114783"},{"taxonomy":"post_tag","embeddable":true,"href":"https:\/\/linitiative.ca\/International\/wp-json\/wp\/v2\/tags?post=114783"}],"curies":[{"name":"wp","href":"https:\/\/api.w.org\/{rel}","templated":true}]}}