{"id":114784,"date":"2021-04-12T16:26:19","date_gmt":"2021-04-12T20:26:19","guid":{"rendered":"https:\/\/linitiative.ca\/International\/reconciliation-nationale-la-societe-civile-encourage-le-chef-de-letat\/"},"modified":"2021-04-12T16:26:19","modified_gmt":"2021-04-12T20:26:19","slug":"reconciliation-nationale-la-societe-civile-encourage-le-chef-de-letat","status":"publish","type":"post","link":"https:\/\/linitiative.ca\/International\/reconciliation-nationale-la-societe-civile-encourage-le-chef-de-letat\/","title":{"rendered":"R\u00e9conciliation nationale  : la soci\u00e9t\u00e9 civile encourage le Chef de l\u2019Etat"},"content":{"rendered":"<div class=\"td-post-featured-image\"><a href=\"https:\/\/www.sidwaya.info\/wp-content\/uploads\/2021\/04\/1-27.jpg\" data-caption=\"\"><img loading=\"lazy\" decoding=\"async\" width=\"595\" height=\"341\" class=\"entry-thumb td-modal-image\" src=\"https:\/\/www.sidwaya.info\/wp-content\/uploads\/2021\/04\/1-27.jpg\" srcset=\"https:\/\/www.sidwaya.info\/wp-content\/uploads\/2021\/04\/1-27.jpg 595w, https:\/\/www.sidwaya.info\/wp-content\/uploads\/2021\/04\/1-27-300x172.jpg 300w, https:\/\/www.sidwaya.info\/wp-content\/uploads\/2021\/04\/1-27-150x86.jpg 150w\" sizes=\"auto, (max-width: 595px) 100vw, 595px\" alt=\"\" title=\"1\"\/><\/a><\/div>\n<p><strong>Le Pr\u00e9sident du Faso, Roch Marc Christian Kabor\u00e9, a re\u00e7u en audience, le lundi 12 avril 2021 au palais de Kosyam, le Conseil national des Organisations de la soci\u00e9t\u00e9 civile (CNOSC), conduit par son pr\u00e9sident, Jonas Hien. La d\u00e9l\u00e9gation est all\u00e9e f\u00e9liciter le Chef de l\u2019Etat pour sa r\u00e9\u00e9lection et l\u2019encourager dans le processus<\/strong><br \/><strong>de r\u00e9conciliation nationale.<\/strong><\/p>\n<p>Les Organisation de la soci\u00e9t\u00e9 civile (OSC) encourage le Pr\u00e9sident du Faso, Roch Marc Christian Kabor\u00e9, dans sa dynamique de r\u00e9conciliation nationale. L\u2019information a \u00e9t\u00e9 donn\u00e9e par Jonas Hien, pr\u00e9sident du Conseil national des Organisation de la soci\u00e9t\u00e9 civile (CNOSC), \u00e0 l\u2019issue d\u2019une audience avec le Chef de l\u2019Etat. \u00ab Il a \u00e9t\u00e9 question de la r\u00e9conciliation. Nous avons salu\u00e9 l\u2019engagement du pr\u00e9sident du Faso et nous l\u2019encourageons \u00e0 poursuivre le processus \u00bb, a d\u00e9clar\u00e9 M. Hien, \u00e0 sa sortie d\u2019audience. Reconnaissant la d\u00e9licatesse du dossier, le pr\u00e9sident de la faiti\u00e8re des OSC s\u2019est dit tout de m\u00eame confiant quant \u00e0 l\u2019atteinte des objectifs surtout avec la contribution que chacun pourra apporter dans la r\u00e9flexion. \u00ab A ce niveau, nous avons \u00e9galement appr\u00e9ci\u00e9 la d\u00e9marche du Pr\u00e9sident du Faso sur la question en ce sens que chacun de nous doit y contribuer, reconnaitre son tort s\u2019il y a lieu, que la justice doit pouvoir intervenir et que la r\u00e9conciliation puisse parachever cela \u00bb, a-t-il soutenu.<\/p>\n<p>M. Hien a fait savoir qu\u2019avec le chef de l\u2019Etat, il a \u00e9t\u00e9 aussi question de sant\u00e9. La d\u00e9l\u00e9gation, a-t-il relev\u00e9, a en effet saisi l\u2019occasion pour \u00e9voquer le sujet du processus d\u2019introduction du vaccin contre le coronavirus au Burkina Faso. A ce sujet, a laiss\u00e9 entendre Jonas Hien, la d\u00e9l\u00e9gation a encourag\u00e9 le pr\u00e9sident Kabor\u00e9 \u00e0 poursuivre \u00e0 prendre \u00ab les mesures idoines \u00bb qui puissent \u00eatre favorables aux Burkinab\u00e8. \u00ab Nous avons pu noter, en cela une bonne lecture du Pr\u00e9sident sur la question qui indique clairement que les int\u00e9r\u00eats du pays sont pris en compte dans le processus \u00bb, a-t-il dit. Sur la question s\u00e9curitaire, le Conseil national des OSC a f\u00e9licit\u00e9 le gouvernement dans ses efforts en mati\u00e8re de lutte contre le terrorisme dans le pays en l\u2019exhortant \u00e0 poursuivre dans ce sens en prenant les mesures n\u00e9cessaires pour la s\u00e9curisation de tous le territoire national. L\u2019occasion faisant le larron, la d\u00e9l\u00e9gation a adress\u00e9 ses f\u00e9licitations \u00e0 Roch Marc Christian Kabor\u00e9 pour sa r\u00e9\u00e9lection, \u00e0 l\u2019issue du scrutin du 22 novembre 2020.<\/p>\n<p class=\"c1\"><strong>Souma\u00efla BONKOUNGOU<\/strong><\/p>\n<div class=\"td-a-rec td-a-rec-id-content_bottom tdi_33_969 td_block_template_1\">\n<p><img loading=\"lazy\" decoding=\"async\" class=\"aligncenter size-full wp-image-27454\" src=\"https:\/\/www.sidwaya.info\/wp-content\/uploads\/2020\/10\/PUB-Bandeau-paiement-mobile-siteweb.jpg\" alt=\"\" width=\"728\" height=\"90\"\/><\/div>\n<p>Auteur: BM. Sidwaya<br \/>\n<a href=\"https:\/\/www.sidwaya.info\/blog\/2021\/04\/12\/reconciliation-nationale-la-societe-civile-encourage-le-chef-de-letat\/\">Cliquez ici pour lire l&rsquo;article depuis sa source.<\/a><\/p>\n","protected":false},"excerpt":{"rendered":"<p>Le Pr\u00e9sident du Faso, Roch Marc Christian Kabor\u00e9, a re\u00e7u en audience, le lundi 12 avril 2021 au palais de Kosyam, le Conseil national des Organisations de la soci\u00e9t\u00e9 civile (CNOSC), conduit par son pr\u00e9sident, Jonas Hien. La d\u00e9l\u00e9gation est all\u00e9e f\u00e9liciter le Chef de l\u2019Etat pour sa r\u00e9\u00e9lection et l\u2019encourager dans le processusde r\u00e9conciliation [&hellip;]<\/p>\n","protected":false},"author":1816,"featured_media":0,"comment_status":"closed","ping_status":"closed","sticky":false,"template":"","format":"standard","meta":{"fifu_image_url":"https:\/\/www.sidwaya.info\/wp-content\/uploads\/2021\/04\/1-27.jpg","fifu_image_alt":"R\u00e9conciliation nationale  : la soci\u00e9t\u00e9 civile encourage le Chef de l\u2019Etat","footnotes":""},"categories":[73,81],"tags":[],"class_list":["post-114784","post","type-post","status-publish","format-standard","hentry","category-actualite","category-burkina-faso"],"_links":{"self":[{"href":"https:\/\/linitiative.ca\/International\/wp-json\/wp\/v2\/posts\/114784","targetHints":{"allow":["GET"]}}],"collection":[{"href":"https:\/\/linitiative.ca\/International\/wp-json\/wp\/v2\/posts"}],"about":[{"href":"https:\/\/linitiative.ca\/International\/wp-json\/wp\/v2\/types\/post"}],"author":[{"embeddable":true,"href":"https:\/\/linitiative.ca\/International\/wp-json\/wp\/v2\/users\/1816"}],"replies":[{"embeddable":true,"href":"https:\/\/linitiative.ca\/International\/wp-json\/wp\/v2\/comments?post=114784"}],"version-history":[{"count":0,"href":"https:\/\/linitiative.ca\/International\/wp-json\/wp\/v2\/posts\/114784\/revisions"}],"wp:attachment":[{"href":"https:\/\/linitiative.ca\/International\/wp-json\/wp\/v2\/media?parent=114784"}],"wp:term":[{"taxonomy":"category","embeddable":true,"href":"https:\/\/linitiative.ca\/International\/wp-json\/wp\/v2\/categories?post=114784"},{"taxonomy":"post_tag","embeddable":true,"href":"https:\/\/linitiative.ca\/International\/wp-json\/wp\/v2\/tags?post=114784"}],"curies":[{"name":"wp","href":"https:\/\/api.w.org\/{rel}","templated":true}]}}