{"id":114785,"date":"2021-04-12T16:29:06","date_gmt":"2021-04-12T20:29:06","guid":{"rendered":"https:\/\/linitiative.ca\/International\/tchad-deby-ou-le-deluge\/"},"modified":"2021-04-12T16:29:06","modified_gmt":"2021-04-12T20:29:06","slug":"tchad-deby-ou-le-deluge","status":"publish","type":"post","link":"https:\/\/linitiative.ca\/International\/tchad-deby-ou-le-deluge\/","title":{"rendered":"Tchad : D\u00e9by ou le d\u00e9luge"},"content":{"rendered":"<div class=\"td-post-featured-image\"><a href=\"https:\/\/www.sidwaya.info\/wp-content\/uploads\/2021\/04\/Trait-de-plume.jpg\" data-caption=\"\"><img loading=\"lazy\" decoding=\"async\" width=\"696\" height=\"465\" class=\"entry-thumb td-modal-image\" src=\"https:\/\/www.sidwaya.info\/wp-content\/uploads\/2021\/04\/Trait-de-plume-696x465.jpg\" srcset=\"https:\/\/www.sidwaya.info\/wp-content\/uploads\/2021\/04\/Trait-de-plume-696x465.jpg 696w, https:\/\/www.sidwaya.info\/wp-content\/uploads\/2021\/04\/Trait-de-plume-300x200.jpg 300w, https:\/\/www.sidwaya.info\/wp-content\/uploads\/2021\/04\/Trait-de-plume-150x100.jpg 150w, https:\/\/www.sidwaya.info\/wp-content\/uploads\/2021\/04\/Trait-de-plume-629x420.jpg 629w, https:\/\/www.sidwaya.info\/wp-content\/uploads\/2021\/04\/Trait-de-plume.jpg 738w\" sizes=\"auto, (max-width: 696px) 100vw, 696px\" alt=\"\" title=\"Trait de plume\"\/><\/a><\/div>\n<p>Depuis l\u2019annonce de la date de l\u2019\u00e9lection pr\u00e9sidentielle jusqu\u2019\u00e0 la tenue du scrutin le dimanche 11 avril 2021, le Tchad a v\u00e9cu dans une ambiance tr\u00e8s f\u00e9brile. Arrestations d\u2019opposants, protestations contre le 6e mandat du pr\u00e9sident Idriss D\u00e9by Itno, boycott du scrutin, par des candidats ont \u00e9t\u00e9 les diff\u00e9rents \u00e9pisodes qui ont \u00e9maill\u00e9 le processus \u00e9lectoral. Sur 7 millions d\u2019\u00e9lecteurs attendus dans les urnes, les Tchadiens ont brill\u00e9 par une faible mobilisation \u00e0 l\u2019occasion de cette pr\u00e9sidentielle. Cette faible affluence est loin d\u2019\u00eatre une surprise \u00e0 cause des soubresauts qui ont pr\u00e9c\u00e9d\u00e9 le jour du scrutin pr\u00e9sidentiel. Conscient que son 6e mandat irritait plus d\u2019un, le camp du pr\u00e9sident sortant qui capitalise 31 ans \u00e0 la t\u00eate du pays aura multipli\u00e9 toutes les man\u0153uvres pour emp\u00eacher l\u2019opposition politique de faire front commun contre lui.<\/p>\n<p>Sa tentative d\u2019unification sous l\u2019Alliance Victoire a fait long feu, puisque la coalition \u00e9tait min\u00e9e de l\u2019int\u00e9rieur par ses propres contradictions qui ont fait le bonheur du parti au pouvoir. Cette \u00e9lection qui vient de se tenir au Tchad n\u2019aura pour simple attribut d\u00e9mocratique que les op\u00e9rations \u00e9lectorales qui ont permis aux \u00e9lecteurs d\u2019accomplir leur devoir civique. C\u2019est sans surprise que le 25 avril prochain, date pr\u00e9vue pour la proclamation des r\u00e9sultats, que le chef de l\u2019Etat, Idriss D\u00e9by Itno sera d\u00e9clar\u00e9 vainqueur. Ainsi, l\u2019exp\u00e9rience d\u00e9mocratique en Afrique diff\u00e8re d\u2019un pays \u00e0 l\u2019autre. Si dans certains Etats, des efforts sont faits pour garantir des scrutins transparents, cr\u00e9dibles et inclusifs, dans d\u2019autres, ils ne sont que simples formalit\u00e9s cycliques pour se faire bonne conscience. Ce qui s\u2019est pass\u00e9 au Tchad est tout sauf l\u2019expression de la volont\u00e9 populaire dans le choix de celui qui devra pr\u00e9sider aux destin\u00e9es du pays pour les cinq prochaines ann\u00e9es.<\/p>\n<p>Les Tchadiens, soucieux de voir leur pays vivre l\u2019exp\u00e9rience d\u2019une alternance politique \u00e0 la t\u00eate du pays, devront encore prendre leur mal en patience. Surfant sur le p\u00e9ril s\u00e9curitaire dans la sous-r\u00e9gion, Idriss D\u00e9by Itno, entretient le mythe de son indispensabilit\u00e9 au Tchad et \u00e0 la sous-r\u00e9gion pour s\u2019enivrer \u00e9ternellement des d\u00e9lices du pouvoir. A cause \u00e9galement de leurs int\u00e9r\u00eats g\u00e9ostrat\u00e9giques dans l\u2019espace du G5 Sahel, certains pays occidentaux, donneurs de le\u00e7ons en de pareilles circonstances, sont inaudibles face \u00e0 cette mascarade qui vient de se d\u00e9rouler. Comme quoi les int\u00e9r\u00eats sont l\u2019unit\u00e9 de mesure dans la prise de position. Consid\u00e9r\u00e9 comme un alli\u00e9 incontournable dans la lutte contre le terrorisme dans la r\u00e9gion du Sahel, l\u2019on peut fermer litt\u00e9ralement les yeux sur ce qu\u2019il faut appeler d\u00e9rives autoritaires de Idriss D\u00e9by Itno. L\u2019on pourrait paraphraser Jean de la Fontaine en soutenant que selon que vous ferez l\u2019affaire des puissants, vous pourrez user de tous les moyens pour murer la majorit\u00e9 dans le silence. Sinon comment expliquer l\u2019indiff\u00e9rence dans le cas tchadien de ceux qui s\u2019embarrassent peu de la non-ing\u00e9rence quand il s\u2019agit de l\u2019Afrique ?<\/p>\n<p class=\"c1\"><strong>Karim BADOLO<\/strong><\/p>\n<div class=\"td-a-rec td-a-rec-id-content_bottom tdi_33_9a4 td_block_template_1\">\n<p><img loading=\"lazy\" decoding=\"async\" class=\"aligncenter size-full wp-image-27454\" src=\"https:\/\/www.sidwaya.info\/wp-content\/uploads\/2020\/10\/PUB-Bandeau-paiement-mobile-siteweb.jpg\" alt=\"\" width=\"728\" height=\"90\"\/><\/div>\n<p>Auteur: BM. Sidwaya<br \/>\n<a href=\"https:\/\/www.sidwaya.info\/blog\/2021\/04\/12\/tchad-deby-ou-le-deluge\/\">Cliquez ici pour lire l&rsquo;article depuis sa source.<\/a><\/p>\n","protected":false},"excerpt":{"rendered":"<p>Depuis l\u2019annonce de la date de l\u2019\u00e9lection pr\u00e9sidentielle jusqu\u2019\u00e0 la tenue du scrutin le dimanche 11 avril 2021, le Tchad a v\u00e9cu dans une ambiance tr\u00e8s f\u00e9brile. Arrestations d\u2019opposants, protestations contre le 6e mandat du pr\u00e9sident Idriss D\u00e9by Itno, boycott du scrutin, par des candidats ont \u00e9t\u00e9 les diff\u00e9rents \u00e9pisodes qui ont \u00e9maill\u00e9 le processus [&hellip;]<\/p>\n","protected":false},"author":1816,"featured_media":0,"comment_status":"closed","ping_status":"closed","sticky":false,"template":"","format":"standard","meta":{"fifu_image_url":"https:\/\/www.sidwaya.info\/wp-content\/uploads\/2021\/04\/Trait-de-plume-696x465.jpg","fifu_image_alt":"Tchad : D\u00e9by ou le d\u00e9luge","footnotes":""},"categories":[73,81],"tags":[],"class_list":["post-114785","post","type-post","status-publish","format-standard","hentry","category-actualite","category-burkina-faso"],"_links":{"self":[{"href":"https:\/\/linitiative.ca\/International\/wp-json\/wp\/v2\/posts\/114785","targetHints":{"allow":["GET"]}}],"collection":[{"href":"https:\/\/linitiative.ca\/International\/wp-json\/wp\/v2\/posts"}],"about":[{"href":"https:\/\/linitiative.ca\/International\/wp-json\/wp\/v2\/types\/post"}],"author":[{"embeddable":true,"href":"https:\/\/linitiative.ca\/International\/wp-json\/wp\/v2\/users\/1816"}],"replies":[{"embeddable":true,"href":"https:\/\/linitiative.ca\/International\/wp-json\/wp\/v2\/comments?post=114785"}],"version-history":[{"count":0,"href":"https:\/\/linitiative.ca\/International\/wp-json\/wp\/v2\/posts\/114785\/revisions"}],"wp:attachment":[{"href":"https:\/\/linitiative.ca\/International\/wp-json\/wp\/v2\/media?parent=114785"}],"wp:term":[{"taxonomy":"category","embeddable":true,"href":"https:\/\/linitiative.ca\/International\/wp-json\/wp\/v2\/categories?post=114785"},{"taxonomy":"post_tag","embeddable":true,"href":"https:\/\/linitiative.ca\/International\/wp-json\/wp\/v2\/tags?post=114785"}],"curies":[{"name":"wp","href":"https:\/\/api.w.org\/{rel}","templated":true}]}}