{"id":114789,"date":"2021-04-12T13:18:02","date_gmt":"2021-04-12T17:18:02","guid":{"rendered":"https:\/\/linitiative.ca\/International\/mozambique-lautre-al-shabaab\/"},"modified":"2021-04-12T13:18:02","modified_gmt":"2021-04-12T17:18:02","slug":"mozambique-lautre-al-shabaab","status":"publish","type":"post","link":"https:\/\/linitiative.ca\/International\/mozambique-lautre-al-shabaab\/","title":{"rendered":"Mozambique : l\u2019autre Al-Shabaab"},"content":{"rendered":"<div readability=\"32\">\n<p>Publi\u00e9 le 12.04.2021 \u00e0 18h18 par APA News<\/p>\n<\/div>\n<div readability=\"118\">\n<p>Les \u00e9v\u00e9nements r\u00e9cents dans le nord du Mozambique ont attir\u00e9 l\u2019attention du monde sur une crise qui couvait depuis plusieurs ann\u00e9es.Des militants djihadistes affili\u00e9s \u00e0 l\u2019Etat islamique ont envahi une ville c\u00f4ti\u00e8re strat\u00e9gique de la province mozambicaine de Cabo Delgado, riche en min\u00e9raux, \u00e0 la fin du mois de mars, tuant des dizaines d\u2019habitants et d\u2019expatri\u00e9s, dont plusieurs ont \u00e9t\u00e9 d\u00e9capit\u00e9s et br\u00fbl\u00e9s.<\/p>\n<p>Les attaques contre la ville de Palma (et plusieurs autres avants elle) ont d\u00e9clench\u00e9 une crise humanitaire \u00e0 Cabo Delgado, avec plus de 700.000 personnes d\u00e9plac\u00e9es depuis octobre 2017.<\/p>\n<p>Elles ont \u00e9galement attir\u00e9 l\u2019attention du monde entier sur une crise qui mijote et qui pourrait se transformer en un d\u00e9fi s\u00e9curitaire r\u00e9gional majeur.<\/p>\n<p>Le monde a observ\u00e9 avec int\u00e9r\u00eat les dirigeants de la Communaut\u00e9 de d\u00e9veloppement de l\u2019Afrique australe (SADC) s\u2019engager dans une navette diplomatique, \u00e0 la recherche d\u2019une solution \u00e0 cette insurrection arm\u00e9e.<\/p>\n<p>Mais qui sont ces insurg\u00e9s qui causent des nuits blanches aussi bien au gouvernement du Mozambique qu\u2019\u00e0 la SADC ?<\/p>\n<p>Ils ont choisi de s\u2019appeler eux-m\u00eames al-Shabaab (jeunes hommes en arabe), mais ne doivent pas \u00eatre confondus avec le groupe \u00e9ponyme somalien.<\/p>\n<p>La diff\u00e9rence c\u2019est que le groupe terroriste somalien est affili\u00e9 \u00e0 Al-Qa\u00efda tandis que le groupe mozambicain a promis une alliance avec le groupe rival Etat islamique bas\u00e9 en Irak et en Syrie. Il a adopt\u00e9 le titre de province de l\u2019Etat islamique en Afrique centrale.<\/p>\n<p>Au Mozambique, al-Shabaab est compos\u00e9 de jeunes hommes pr\u00e9tendument m\u00e9contents de la r\u00e9partition in\u00e9gale des richesses dans leur r\u00e9gion.<\/p>\n<p>Certains analystes pensent que les raisons profondes de l\u2019insurrection reposent sur des griefs socio-\u00e9conomiques, de nombreux habitants de Cabo Delgado se plaignant de n\u2019avoir pas profit\u00e9 des industries du rubis et du gaz de la province.<\/p>\n<p>\u00ab Nous occupons (les villes) pour montrer que le gouvernement en place est injuste. Il humilie les pauvres et donne le profit aux patrons\u00a0\u00bb, avait d\u00e9clar\u00e9 en 2019, un dirigeant local du groupe dans une vid\u00e9o.<\/p>\n<p>L\u2019homme en question a \u00e9galement parl\u00e9 de l\u2019islam et de son d\u00e9sir d\u2019un \u00ab gouvernement islamique, pas d\u2019un gouvernement d\u2019incroyants \u00bb, mais il a en m\u00eame temps cit\u00e9 des abus pr\u00e9sum\u00e9s de l\u2019arm\u00e9e mozambicaine, se plaignant \u00e0 plusieurs reprises du fait que le gouvernement \u00e9tait \u00ab injuste \u00bb.<\/p>\n<p>M\u00eame si certains soutiennent que les attaques \u00e0 Cabo Delgado ont commenc\u00e9 en octobre 2017, l\u2019existence de ce groupe serait ant\u00e9rieure \u00e0 2017.<\/p>\n<p>Selon une \u00e9tude de l\u2019Institut d\u2019\u00e9tudes de s\u00e9curit\u00e9 bas\u00e9 en Afrique du Sud, les dirigeants islamiques locaux affirment que le groupe existe depuis 2014, derni\u00e8re ann\u00e9e du r\u00e8gne de dix ans de l\u2019ancien pr\u00e9sident mozambicain, Armando Guebuza.<\/p>\n<p>Des responsables islamiques affirment que les premiers signes d\u2019extr\u00e9misme sont apparus entre 2014 et 2015 dans le district de Mocimboa da Praia, lorsque les jeunes des mosqu\u00e9es locales ont commenc\u00e9 \u00e0 se rebeller contre les mosqu\u00e9es existantes et \u00e0 ouvrir leurs propres mosqu\u00e9es.<\/p>\n<p>Certains membres du groupe ont \u00e9t\u00e9 recrut\u00e9s localement avec des promesses d\u2019emplois et de bourses d\u2019\u00e9tudes. Il y a aussi des indications que certains d\u2019entre eux venaient d\u2019autres pays, notamment de la Tanzanie, de l\u2019Ouganda, du Kenya et de la R\u00e9publique d\u00e9mocratique du Congo.<\/p>\n<p>Cabo Delgado est la province la plus septentrionale du Mozambique. Elle est limit\u00e9e au nord par la Tanzanie, \u00e0 l\u2019ouest par la province de Niassa, au sud par la province de Nampula et par l\u2019oc\u00e9an Indien \u00e0 l\u2019est.<\/p>\n<p>Les insurg\u00e9s parlent les langues locales, ainsi que le kiswahili et l\u2019arabe. Ils pr\u00f4nent un islam qui est \u00e0 la fois rejet\u00e9 et d\u00e9nonc\u00e9 par les autorit\u00e9s islamiques de la r\u00e9gion.<\/p>\n<\/div>\n<p>Auteur: APA News<br \/>\n<a href=\"https:\/\/www.journalducameroun.com\/mozambique-lautre-al-shabaab\/\">Cliquez ici pour lire l&rsquo;article depuis sa source.<\/a><\/p>\n","protected":false},"excerpt":{"rendered":"<p>Publi\u00e9 le 12.04.2021 \u00e0 18h18 par APA News Les \u00e9v\u00e9nements r\u00e9cents dans le nord du Mozambique ont attir\u00e9 l\u2019attention du monde sur une crise qui couvait depuis plusieurs ann\u00e9es.Des militants djihadistes affili\u00e9s \u00e0 l\u2019Etat islamique ont envahi une ville c\u00f4ti\u00e8re strat\u00e9gique de la province mozambicaine de Cabo Delgado, riche en min\u00e9raux, \u00e0 la fin du [&hellip;]<\/p>\n","protected":false},"author":1965,"featured_media":0,"comment_status":"closed","ping_status":"closed","sticky":false,"template":"","format":"standard","meta":{"fifu_image_url":"","fifu_image_alt":"","footnotes":""},"categories":[73,82],"tags":[],"class_list":["post-114789","post","type-post","status-publish","format-standard","hentry","category-actualite","category-cameroun"],"_links":{"self":[{"href":"https:\/\/linitiative.ca\/International\/wp-json\/wp\/v2\/posts\/114789","targetHints":{"allow":["GET"]}}],"collection":[{"href":"https:\/\/linitiative.ca\/International\/wp-json\/wp\/v2\/posts"}],"about":[{"href":"https:\/\/linitiative.ca\/International\/wp-json\/wp\/v2\/types\/post"}],"author":[{"embeddable":true,"href":"https:\/\/linitiative.ca\/International\/wp-json\/wp\/v2\/users\/1965"}],"replies":[{"embeddable":true,"href":"https:\/\/linitiative.ca\/International\/wp-json\/wp\/v2\/comments?post=114789"}],"version-history":[{"count":0,"href":"https:\/\/linitiative.ca\/International\/wp-json\/wp\/v2\/posts\/114789\/revisions"}],"wp:attachment":[{"href":"https:\/\/linitiative.ca\/International\/wp-json\/wp\/v2\/media?parent=114789"}],"wp:term":[{"taxonomy":"category","embeddable":true,"href":"https:\/\/linitiative.ca\/International\/wp-json\/wp\/v2\/categories?post=114789"},{"taxonomy":"post_tag","embeddable":true,"href":"https:\/\/linitiative.ca\/International\/wp-json\/wp\/v2\/tags?post=114789"}],"curies":[{"name":"wp","href":"https:\/\/api.w.org\/{rel}","templated":true}]}}