{"id":114790,"date":"2021-04-12T14:18:02","date_gmt":"2021-04-12T18:18:02","guid":{"rendered":"https:\/\/linitiative.ca\/International\/mariatou-kone-annonce-les-etats-generaux-de-leducation-en-cote-divoire\/"},"modified":"2021-04-12T14:18:02","modified_gmt":"2021-04-12T18:18:02","slug":"mariatou-kone-annonce-les-etats-generaux-de-leducation-en-cote-divoire","status":"publish","type":"post","link":"https:\/\/linitiative.ca\/International\/mariatou-kone-annonce-les-etats-generaux-de-leducation-en-cote-divoire\/","title":{"rendered":"Mariatou Kon\u00e9 annonce les \u00e9tats g\u00e9n\u00e9raux de l\u2019\u00e9ducation en C\u00f4te d\u2019Ivoire"},"content":{"rendered":"<p>La ministre ivoirienne de l\u2019\u00c9ducation nationale et de l\u2019alphab\u00e9tisation, Pr Mariatou Kon\u00e9, a annonc\u00e9 lundi vouloir organiser \u00ab\u00a0les \u00e9tats g\u00e9n\u00e9raux sur les acquis de l\u2019\u00e9ducation nationale et de l\u2019alphab\u00e9tisation dans l\u2019optique d\u2019un dialogue direct avec tous les acteurs et partenaires du syst\u00e8me \u00e9ducatif national \u00ab\u00a0, lors de sa prise de fonction.<\/p>\n<p>Mme Mariatou Kon\u00e9 a dit \u00ab\u00a0merci pour le bilan \u00e9loquent\u00a0\u00bb \u00e9grain\u00e9 par son pr\u00e9d\u00e9cesseur Mme Kandia Camara, qui occupait le portefeuille du minist\u00e8re de l\u2019\u00c9ducation nationale, de l\u2019enseignement technique et professionnel, qui lui a remis les dossiers aff\u00e9rents \u00e0 ses charges.\u00a0<\/p>\n<p>Pour Mme Mariatou Kon\u00e9, pr\u00e9c\u00e9demment ministre de la Solidarit\u00e9, de la coh\u00e9sion sociale et de la lutte contre la pauvret\u00e9, l\u2019\u00e9ducation constitue \u00ab\u00a0la racine de l\u2019apprentissage\u00a0\u00bb. \u00a0Professeur d\u2019anthropologie, elle conna\u00eet bien le milieu de l\u2019enseignement.<\/p>\n<p>\u00ab\u00a0Je m\u2019engage \u00e0 consolider les acquis et \u00e0 apporter les am\u00e9liorations n\u00e9cessaires \u00e0 l\u2019effet de rendre notre syst\u00e8me \u00e9ducatif toujours plus performant en mati\u00e8re d\u2019offres, en mati\u00e8re d\u2019acc\u00e8s, en mati\u00e8re de qualit\u00e9\u00a0\u00bb, a-t-elle lanc\u00e9.<\/p>\n<p>Cette ambition, la ministre de l\u2019\u00c9ducation nationale et de l\u2019alphab\u00e9tisation veut la r\u00e9aliser avec l\u2019ensemble des acteurs et des partenaires directs ou indirects de l\u2019\u00e9cole, entre autres, les enseignants, les syndicats, les \u00e9l\u00e8ves, les partenaires techniques et financiers, et la soci\u00e9t\u00e9 civile.<\/p>\n<p>\u00ab\u00a0Notre boussole doit \u00eatre la recherche permanente de la performance, de l\u2019excellence, de la qualit\u00e9 et du m\u00e9rite, sous-tendu par la transparence et l\u2019\u00e9quit\u00e9\u00a0\u00bb, a soulign\u00e9 Mme Mariatou Kon\u00e9, \u00a0qui veut s\u2019adapter aux exigences \u00e0 l\u2019\u00e8re du num\u00e9rique et de la mont\u00e9e des libert\u00e9s individuelles.<\/p>\n<p>C\u2019est pourquoi, elle envisage de faire \u00ab\u00a0les \u00e9tats g\u00e9n\u00e9raux sur les acquis de l\u2019\u00e9ducation nationale et de l\u2019alphab\u00e9tisation dans l\u2019optique d\u2019un dialogue direct avec tous les acteurs et partenaires du syst\u00e8me \u00e9ducatif national, dans un cadre permanent de concertation pour des solutions durables\u00a0\u00bb.<\/p>\n<p>\u00ab\u00a0J\u2019envisage d\u2019organiser imm\u00e9diatement des rencontres avec les entit\u00e9s qui peuvent contribuer par leurs id\u00e9es et exp\u00e9riences et comp\u00e9tences \u00e0 relever les d\u00e9fis de la mission qui m\u2019est confi\u00e9e, action ax\u00e9e sur les r\u00e9sultats\u00a0\u00bb, a-t-elle faire savoir pour tracer une nouvelle feuille de route.<\/p>\n<p>\u00ab\u00a0Nous devons tous ensemble faire de la C\u00f4te d\u2019Ivoire une puissance \u00e9ducative dans un climat de paix et de s\u00e9r\u00e9nit\u00e9 et de civisme dans nos \u00e9coles. J\u2019ai foi en une \u00e9cole ivoirienne capable de produire des ressources humaines de qualit\u00e9 pour nous conduire au d\u00e9veloppement durable et \u00e0 un mieux-\u00eatre partag\u00e9\u00a0\u00bb, a-t-elle soutenu. \u00a0<\/p>\n<p>Mme Kandia Camara, qui a \u00e9t\u00e9 nomm\u00e9e ministre d\u2019Etat, ministre des Affaires \u00e9trang\u00e8res, de l\u2019Int\u00e9gration Africaine et de la diaspora, est la premi\u00e8re femme chef de la diplomatie ivoirienne. Elle a pass\u00e9 dix ans \u00e0 la t\u00eate du minist\u00e8re de l\u2019\u00c9ducation nationale.<\/p>\n<p>Entre 2011 et 2020, Mme Kandia Camara a relev\u00e9 que \u00ab\u00a0l\u2019accent a largement \u00e9t\u00e9 mis sur la d\u00e9mocratisation de l\u2019acc\u00e8s \u00e0 l\u2019\u00e9cole en veillant \u00e0 assurer l\u2019\u00e9quit\u00e9, ce qui a permis de r\u00e9duire les disparit\u00e9s aussi bien entre les genres qu\u2019entre les r\u00e9gions\u00a0\u00bb.<\/p>\n<p>Selon elle, \u00ab\u00a0ce travail doit \u00eatre poursuivi notamment en accentuant le rapprochement de structures \u00e9ducatives et de formation des usagers\u00a0\u00bb afin de rendre le syst\u00e8me \u00e9ducatif ivoirien plus performant.\u00a0<\/p>\n<p>\u00ab\u00a0En termes de perspectives et pour relever le d\u00e9fi de l\u2019obligation scolaire pour tous les enfants de 06 \u00e0 16 ans, il est projet\u00e9, \u00e0 l\u2019horizon 2025, la construction de 35 846 salles de classe du pr\u00e9scolaire et primaire et de 567 coll\u00e8ges \u00e0 base 4\u00a0\u00bb, a-t-elle mentionn\u00e9.<\/p>\n<p>Elle a not\u00e9 que soucieux de l\u2019am\u00e9lioration des conditions de vie et de travail du personnel, le gouvernement ivoirien a pris plusieurs mesures d\u2019ordre social telles que le paiement des effets financiers du CAP des instituteurs de 1988 \u00e0 1992, \u00e0 hauteur de 6 milliards Fcfa enti\u00e8rement pay\u00e9s en 2012.<\/p>\n<p>En outre, l\u2019Etat a consenti le paiement \u00ab\u00a0des 50% restants des effets financiers de la bonification indiciaire et du reclassement des personnels du secteur Education-Formation de 2007, soit un cumul de plus de 91 milliards de francs CFA (qui) a \u00e9t\u00e9 enti\u00e8rement pay\u00e9s en 2012\u00a0\u00bb.<\/p>\n<p>Dans cet \u00e9lan, l\u2019Etat a consenti le paiement du \u00ab\u00a0reliquat de 5000 francs de l\u2019indemnit\u00e9 de logement des instituteurs qui a \u00e9t\u00e9 pay\u00e9 en janvier 2013 (les concern\u00e9s ont maintenant 40 000 francs d\u2019indemnit\u00e9 de logement par mois)\u00a0\u00bb.<\/p>\n<p>Mme Kandia Camara a ajout\u00e9 que cela a une incidence financi\u00e8re de plus de 4 milliards de francs CFA par an\u00a0\u00bb. En outre, il y a eu des indemnit\u00e9s des directeurs d\u2019\u00e9cole, des ma\u00eetres d\u2019application et des \u00e9tudes surveill\u00e9es et les primes au titre du carburant des conseillers p\u00e9dagogiques de secteur, de 2009 \u00e0 2011, qui ont \u00e9t\u00e9 enti\u00e8rement pay\u00e9s en d\u00e9cembre 2012, \u00e0 hauteur de pr\u00e8s de 1 milliard 120 millions.<\/p>\n<p>Concernant le d\u00e9blocage des salaires des fonctionnaires apr\u00e8s 28 ans (de1988 \u00e0 2014), cela a co\u00fbt\u00e9 \u00e0 l\u2019Etat 78 milliards de francs CFA, tandis que le stock des arri\u00e9r\u00e9s s\u2019\u00e9l\u00e8ve \u00e0 hauteur de 249 600 000 000 de francs CFA.<\/p>\n<p>\u00ab\u00a0Au total pour le seul secteur Education-Formation, toutes ces mesures ont co\u00fbt\u00e9 363 600 000 000 FCFA\u00a0\u00bb, a-t-elle pr\u00e9cis\u00e9, tout en montrant les efforts de l\u2019Etat ivoirien envers le secteur de l\u2019\u00e9ducation et de la formation.<\/p>\n<p>Auteur: APA News<br \/>\n<a href=\"https:\/\/www.journalducameroun.com\/mariatou-kone-annonce-les-etats-generaux-de-leducation-en-cote-divoire\/\">Cliquez ici pour lire l&rsquo;article depuis sa source.<\/a><\/p>\n","protected":false},"excerpt":{"rendered":"<p>La ministre ivoirienne de l\u2019\u00c9ducation nationale et de l\u2019alphab\u00e9tisation, Pr Mariatou Kon\u00e9, a annonc\u00e9 lundi vouloir organiser \u00ab\u00a0les \u00e9tats g\u00e9n\u00e9raux sur les acquis de l\u2019\u00e9ducation nationale et de l\u2019alphab\u00e9tisation dans l\u2019optique d\u2019un dialogue direct avec tous les acteurs et partenaires du syst\u00e8me \u00e9ducatif national \u00ab\u00a0, lors de sa prise de fonction. Mme Mariatou Kon\u00e9 a [&hellip;]<\/p>\n","protected":false},"author":1965,"featured_media":0,"comment_status":"closed","ping_status":"closed","sticky":false,"template":"","format":"standard","meta":{"fifu_image_url":"","fifu_image_alt":"","footnotes":""},"categories":[73,82],"tags":[],"class_list":["post-114790","post","type-post","status-publish","format-standard","hentry","category-actualite","category-cameroun"],"_links":{"self":[{"href":"https:\/\/linitiative.ca\/International\/wp-json\/wp\/v2\/posts\/114790","targetHints":{"allow":["GET"]}}],"collection":[{"href":"https:\/\/linitiative.ca\/International\/wp-json\/wp\/v2\/posts"}],"about":[{"href":"https:\/\/linitiative.ca\/International\/wp-json\/wp\/v2\/types\/post"}],"author":[{"embeddable":true,"href":"https:\/\/linitiative.ca\/International\/wp-json\/wp\/v2\/users\/1965"}],"replies":[{"embeddable":true,"href":"https:\/\/linitiative.ca\/International\/wp-json\/wp\/v2\/comments?post=114790"}],"version-history":[{"count":0,"href":"https:\/\/linitiative.ca\/International\/wp-json\/wp\/v2\/posts\/114790\/revisions"}],"wp:attachment":[{"href":"https:\/\/linitiative.ca\/International\/wp-json\/wp\/v2\/media?parent=114790"}],"wp:term":[{"taxonomy":"category","embeddable":true,"href":"https:\/\/linitiative.ca\/International\/wp-json\/wp\/v2\/categories?post=114790"},{"taxonomy":"post_tag","embeddable":true,"href":"https:\/\/linitiative.ca\/International\/wp-json\/wp\/v2\/tags?post=114790"}],"curies":[{"name":"wp","href":"https:\/\/api.w.org\/{rel}","templated":true}]}}