{"id":114791,"date":"2021-04-12T15:18:02","date_gmt":"2021-04-12T19:18:02","guid":{"rendered":"https:\/\/linitiative.ca\/International\/rd-congo-un-nouveau-gouvernement-mis-sur-pied\/"},"modified":"2021-04-12T15:18:02","modified_gmt":"2021-04-12T19:18:02","slug":"rd-congo-un-nouveau-gouvernement-mis-sur-pied","status":"publish","type":"post","link":"https:\/\/linitiative.ca\/International\/rd-congo-un-nouveau-gouvernement-mis-sur-pied\/","title":{"rendered":"RD Congo : un nouveau gouvernement mis sur pied"},"content":{"rendered":"<div readability=\"32\">\n<p>Publi\u00e9 le 12.04.2021 \u00e0 20h18 par APA News<\/p>\n<\/div>\n<div readability=\"61\">\n<p>Un attelage gouvernemental, compos\u00e9 de 56 membres, a \u00e9t\u00e9 d\u00e9voil\u00e9 ce lundi 12 avril.Quatre mois, c\u2019est la dur\u00e9e entre l\u2019\u00e9clatement de la coalition de F\u00e9lix Tshisekedi et de son pr\u00e9d\u00e9cesseur Joseph Kabila et l\u2019annonce de la formation d\u2019un nouveau gouvernement.<\/p>\n<p>Nomm\u00e9 en f\u00e9vrier dernier, le Premier ministre Sama Lukonde a affirm\u00e9 s\u2019\u00eatre entretenu avec \u00a0\u00ab les partis, les regroupements politiques et la soci\u00e9t\u00e9 civile\u00a0\u00bb pour la constitution du gouvernement de \u00ab l\u2019union sacr\u00e9e de la nation \u00bb.<\/p>\n<p>Pour accomplir cette t\u00e2che que lui a confi\u00e9e le chef de l\u2019Etat congolais, le successeur de Sylvestre Ilunga a notamment pris en compte \u00a0\u00ab le nombre de d\u00e9put\u00e9s acquis ou encore les qualit\u00e9s morales \u00bb des personnes pressenties pour les diff\u00e9rents postes.<\/p>\n<p>Ainsi, le nouveau gouvernement dont la moyenne d\u2019\u00e2ge est de 47 ans comprend \u00ab 80 % de nouvelles figures \u00bb et \u00ab 27 % de femmes\u00a0\u00bb.<\/p>\n<p>La Pr\u00e9sidence de la R\u00e9publique annonce sur Twitter que les priorit\u00e9s fix\u00e9es par Tshisekedi se r\u00e9sument \u00e0 \u00ab l\u2019am\u00e9lioration des conditions de vie des Congolais et l\u2019instauration d\u2019un climat de paix sur toute l\u2019\u00e9tendue du territoire national \u00bb.<\/p>\n<p>Selon la m\u00eame source, \u00ab ce gouvernement de combat innove pour les minist\u00e8res de la Fonction publique et de l\u2019Environnement dont les animateurs sont \u00e9lev\u00e9s au rang de Vice-Premiers ministres \u00bb.<\/p>\n<\/div>\n<p>Auteur: APA News<br \/>\n<a href=\"https:\/\/www.journalducameroun.com\/rd-congo-un-nouveau-gouvernement-mis-sur-pied\/\">Cliquez ici pour lire l&rsquo;article depuis sa source.<\/a><\/p>\n","protected":false},"excerpt":{"rendered":"<p>Publi\u00e9 le 12.04.2021 \u00e0 20h18 par APA News Un attelage gouvernemental, compos\u00e9 de 56 membres, a \u00e9t\u00e9 d\u00e9voil\u00e9 ce lundi 12 avril.Quatre mois, c\u2019est la dur\u00e9e entre l\u2019\u00e9clatement de la coalition de F\u00e9lix Tshisekedi et de son pr\u00e9d\u00e9cesseur Joseph Kabila et l\u2019annonce de la formation d\u2019un nouveau gouvernement. Nomm\u00e9 en f\u00e9vrier dernier, le Premier ministre [&hellip;]<\/p>\n","protected":false},"author":1965,"featured_media":0,"comment_status":"closed","ping_status":"closed","sticky":false,"template":"","format":"standard","meta":{"fifu_image_url":"","fifu_image_alt":"","footnotes":""},"categories":[73,82],"tags":[],"class_list":["post-114791","post","type-post","status-publish","format-standard","hentry","category-actualite","category-cameroun"],"_links":{"self":[{"href":"https:\/\/linitiative.ca\/International\/wp-json\/wp\/v2\/posts\/114791","targetHints":{"allow":["GET"]}}],"collection":[{"href":"https:\/\/linitiative.ca\/International\/wp-json\/wp\/v2\/posts"}],"about":[{"href":"https:\/\/linitiative.ca\/International\/wp-json\/wp\/v2\/types\/post"}],"author":[{"embeddable":true,"href":"https:\/\/linitiative.ca\/International\/wp-json\/wp\/v2\/users\/1965"}],"replies":[{"embeddable":true,"href":"https:\/\/linitiative.ca\/International\/wp-json\/wp\/v2\/comments?post=114791"}],"version-history":[{"count":0,"href":"https:\/\/linitiative.ca\/International\/wp-json\/wp\/v2\/posts\/114791\/revisions"}],"wp:attachment":[{"href":"https:\/\/linitiative.ca\/International\/wp-json\/wp\/v2\/media?parent=114791"}],"wp:term":[{"taxonomy":"category","embeddable":true,"href":"https:\/\/linitiative.ca\/International\/wp-json\/wp\/v2\/categories?post=114791"},{"taxonomy":"post_tag","embeddable":true,"href":"https:\/\/linitiative.ca\/International\/wp-json\/wp\/v2\/tags?post=114791"}],"curies":[{"name":"wp","href":"https:\/\/api.w.org\/{rel}","templated":true}]}}