{"id":114792,"date":"2021-04-12T15:18:07","date_gmt":"2021-04-12T19:18:07","guid":{"rendered":"https:\/\/linitiative.ca\/International\/cote-divoire-le-projet-filets-sociaux-couvre-227-000-menages-pauvres\/"},"modified":"2021-04-12T15:18:07","modified_gmt":"2021-04-12T19:18:07","slug":"cote-divoire-le-projet-filets-sociaux-couvre-227-000-menages-pauvres","status":"publish","type":"post","link":"https:\/\/linitiative.ca\/International\/cote-divoire-le-projet-filets-sociaux-couvre-227-000-menages-pauvres\/","title":{"rendered":"C\u00f4te d\u2019Ivoire: le projet filets sociaux couvre 227 000 m\u00e9nages pauvres"},"content":{"rendered":"<div readability=\"32\">\n<p>Publi\u00e9 le 12.04.2021 \u00e0 20h18 par APA News<\/p>\n<\/div>\n<div readability=\"104\">\n<p>Le projet \u00abfilets sociaux productifs \u00bb, une initiative de l\u2019ex\u00e9cutif ivoirien visant \u00e0 octroyer une allocation trimestrielle de 36 000 FCFA aux m\u00e9nages identifi\u00e9s comme les plus pauvres du pays, couvre aujourd\u2019hui 227 000 b\u00e9n\u00e9ficiaires r\u00e9partis dans les 31 r\u00e9gions de C\u00f4te d\u2019Ivoire.<\/p>\n<p>L\u2019information a \u00e9t\u00e9 donn\u00e9e lundi \u00e0 Abidjan par Mariatou Kon\u00e9, la nouvelle ministre de l\u2019\u00e9ducation nationale et de l\u2019alphab\u00e9tisation, anciennement ministre de la Solidarit\u00e9, de la coh\u00e9sion sociale et de lutte contre la pauvret\u00e9.<\/p>\n<p>Elle s\u2019exprimait dans une c\u00e9r\u00e9monie de passation de charges avec ses coll\u00e8gues Myss Belmonde Dogo et Kouadio Konan Bertin (KKB) respectivement ministre de la Solidarit\u00e9 et de la lutte contre la pauvret\u00e9, et ministre de la R\u00e9conciliation nationale et de la coh\u00e9sion sociale.<\/p>\n<p>\u00abAujourd\u2019hui le projet des filets sociaux productifs qui consiste en l\u2019octroi sur 3 ann\u00e9es de transferts mon\u00e9taires trimestriels non remboursables de 36 000 FCFA \u00e0 des m\u00e9nages cibl\u00e9s parmi les plus pauvres de notre pays, couvre 227 000 b\u00e9n\u00e9ficiaires r\u00e9partis dans les 31 r\u00e9gions du territoire national tant dans le milieu rural que dans le milieu urbain\u00bb, a fait savoir Mme Kon\u00e9, rappelant les grandes actions r\u00e9alis\u00e9es pendant son passage au minist\u00e8re de la Solidarit\u00e9, de la coh\u00e9sion sociale et de la lutte contre la pauvret\u00e9.<\/p>\n<p>Dans le domaine de la consolidation de la paix, de la r\u00e9conciliation nationale et du renforcement de la coh\u00e9sion sociale, Mme Kon\u00e9 a cit\u00e9 entre autres, au nombre des actions \u00e0 son actif, la \u00a0sensibilisation au retour des r\u00e9fugi\u00e9s particuli\u00e8rement en direction de ceux qui vivent au Liberia, au Ghana, au Togo en liaison avec le HCR.<\/p>\n<p>Il y a eu \u00e9galement la main-tendue du Pr\u00e9sident de la R\u00e9publique \u00a0\u00ab \u00e0 nos fr\u00e8res et s\u0153urs \u00bb pour un retour au pays natal accompagn\u00e9e de mesures d\u2019apaisement du climat social et la prise d\u2019une ordonnance d\u2019amnistie en faveur des prisonniers de la crise post-\u00e9lectorale et \u00a0la r\u00e9paration des pr\u00e9judices des crises survenues en C\u00f4te d\u2019Ivoire.\u00a0<\/p>\n<p>\u00ab Dans le domaine de la r\u00e9conciliation nationale, le pr\u00e9sident de la R\u00e9publique a couronn\u00e9 de succ\u00e8s le travail que nous avons men\u00e9 en donnant un coup d\u2019acc\u00e9l\u00e9rateur avec le retour annonc\u00e9 de l\u2019ancien chef d\u2019Etat Laurent Gbagbo et de M. Charles Bl\u00e9 Goud\u00e9\u00bb, a-t-elle ajout\u00e9, estimant \u00a0\u00abque c\u2019est une belle opportunit\u00e9 \u00e0 saisir pour tous les enfants de notre pays sans distinction d\u2019origine g\u00e9ographique et ethnique \u00bb.<\/p>\n<p>En retour, les ministres Myss Belmonde Dogo et Kouadio Konan Bertin se sont f\u00e9licit\u00e9s du travail abattu par la ministre Mariatou Kon\u00e9 \u00e0 la t\u00eate du d\u00e9partement minist\u00e9riel de la Solidarit\u00e9, de la coh\u00e9sion sociale et de la lutte contre la pauvret\u00e9, promettant de s\u2019inscrire dans la continuit\u00e9.<\/p>\n<p>\u00a0\u00ab \u00a0Bien plus qu\u2019une passation de charges, je consid\u00e8re cette c\u00e9r\u00e9monie comme un passage de t\u00e9moin dans une course de fond contre la pauvret\u00e9 ou dans laquelle bon nombre d\u2019obstacles ont \u00e9t\u00e9 d\u00e9j\u00e0 lev\u00e9s par vous. Pour ma part, je m\u2019engage \u00e0 poursuivre votre lanc\u00e9e en empruntant le chemin que vous avez su brillamment trac\u00e9\u00bb, a promis Myss Belmonde, la nouvelle ministre de la Solidarit\u00e9 et de la lutte contre la pauvret\u00e9.<\/p>\n<p>Le projet filets sociaux productifs, rappelle-t-on, est une initiative du gouvernement ivoirien avec l\u2019appui technique et financier de la Banque mondiale. Il consiste \u00e0 octroyer gracieusement une allocation trimestrielle de 36 000 FCFA aux m\u00e9nages identifi\u00e9s comme les plus pauvres du pays.<\/p>\n<\/div>\n<p>Auteur: APA News<br \/>\n<a href=\"https:\/\/www.journalducameroun.com\/cote-divoire-le-projet-filets-sociaux-couvre-227-000-menages-pauvres\/\">Cliquez ici pour lire l&rsquo;article depuis sa source.<\/a><\/p>\n","protected":false},"excerpt":{"rendered":"<p>Publi\u00e9 le 12.04.2021 \u00e0 20h18 par APA News Le projet \u00abfilets sociaux productifs \u00bb, une initiative de l\u2019ex\u00e9cutif ivoirien visant \u00e0 octroyer une allocation trimestrielle de 36 000 FCFA aux m\u00e9nages identifi\u00e9s comme les plus pauvres du pays, couvre aujourd\u2019hui 227 000 b\u00e9n\u00e9ficiaires r\u00e9partis dans les 31 r\u00e9gions de C\u00f4te d\u2019Ivoire. L\u2019information a \u00e9t\u00e9 donn\u00e9e [&hellip;]<\/p>\n","protected":false},"author":1965,"featured_media":0,"comment_status":"closed","ping_status":"closed","sticky":false,"template":"","format":"standard","meta":{"fifu_image_url":"","fifu_image_alt":"","footnotes":""},"categories":[73,82],"tags":[],"class_list":["post-114792","post","type-post","status-publish","format-standard","hentry","category-actualite","category-cameroun"],"_links":{"self":[{"href":"https:\/\/linitiative.ca\/International\/wp-json\/wp\/v2\/posts\/114792","targetHints":{"allow":["GET"]}}],"collection":[{"href":"https:\/\/linitiative.ca\/International\/wp-json\/wp\/v2\/posts"}],"about":[{"href":"https:\/\/linitiative.ca\/International\/wp-json\/wp\/v2\/types\/post"}],"author":[{"embeddable":true,"href":"https:\/\/linitiative.ca\/International\/wp-json\/wp\/v2\/users\/1965"}],"replies":[{"embeddable":true,"href":"https:\/\/linitiative.ca\/International\/wp-json\/wp\/v2\/comments?post=114792"}],"version-history":[{"count":0,"href":"https:\/\/linitiative.ca\/International\/wp-json\/wp\/v2\/posts\/114792\/revisions"}],"wp:attachment":[{"href":"https:\/\/linitiative.ca\/International\/wp-json\/wp\/v2\/media?parent=114792"}],"wp:term":[{"taxonomy":"category","embeddable":true,"href":"https:\/\/linitiative.ca\/International\/wp-json\/wp\/v2\/categories?post=114792"},{"taxonomy":"post_tag","embeddable":true,"href":"https:\/\/linitiative.ca\/International\/wp-json\/wp\/v2\/tags?post=114792"}],"curies":[{"name":"wp","href":"https:\/\/api.w.org\/{rel}","templated":true}]}}