{"id":114793,"date":"2021-04-12T17:18:02","date_gmt":"2021-04-12T21:18:02","guid":{"rendered":"https:\/\/linitiative.ca\/International\/le-jeune-de-ramadan-demarre-en-cote-divoire-mardi\/"},"modified":"2021-04-12T17:18:02","modified_gmt":"2021-04-12T21:18:02","slug":"le-jeune-de-ramadan-demarre-en-cote-divoire-mardi","status":"publish","type":"post","link":"https:\/\/linitiative.ca\/International\/le-jeune-de-ramadan-demarre-en-cote-divoire-mardi\/","title":{"rendered":"Le je\u00fbne de Ramadan d\u00e9marre en C\u00f4te d\u2019Ivoire, mardi"},"content":{"rendered":"<div readability=\"32\">\n<p>Publi\u00e9 le 12.04.2021 \u00e0 22h18 par APA News<\/p>\n<\/div>\n<div readability=\"56\">\n<p>La communaut\u00e9 musulmane de d\u00e9marre, mardi, le je\u00fbne du mois de Ramadan apr\u00e8s l\u2019observation du croissant lunaire \u00e0 Bondoukou dans le Nord-Est du pays et \u00e0 Bonon dans le centre-Ouest.<\/p>\n<p>L\u2019annonce a \u00e9t\u00e9 faite par le Conseil sup\u00e9rieur des imams, des mosqu\u00e9es et des affaires islamiques (COSIM) et le Conseil des imams sunnites de C\u00f4te d\u2019Ivoire (CODIS) de l\u2019Association des musulmans sunnites de C\u00f4te d\u2019Ivoire (AMSCI) dans un communiqu\u00e9 conjoint.<\/p>\n<p>\u00ab Le COSIM et le CODIS informent la communaut\u00e9 musulmane que le croissant lunaire marquant le d\u00e9but du Ramadan 2021 a \u00e9t\u00e9 observ\u00e9 d\u2019abord \u00e0 Bondoukou, puis \u00e0 Bonon. Par cons\u00e9quent le je\u00fbne du mois de ramadan commencera en C\u00f4te d\u2019Ivoire le mardi 13 avril 2021 \u00bb, a annonc\u00e9 l\u2019Imam S\u00e9kou Sylla dans ce communiqu\u00e9.<\/p>\n<p>Pendant le je\u00fbne du \u00a0mois de Ramadan, les musulmans restent \u00e0 je\u00fbn de l\u2019aube jusqu\u2019au coucher du soleil pendant 29 ou 30 jours. Ils s\u2019abstiennent \u00e9galement d\u2019avoir des rapports sexuels avec leur \u00e9poux ou \u00e9pouse dans la journ\u00e9e.<\/p>\n<p>Ce mois du je\u00fbne du ramadan pendant lequel le coran a \u00e9t\u00e9 r\u00e9v\u00e9l\u00e9 au proph\u00e8te Mohammed ( Paix et salut sur lui) est le quatri\u00e8me pilier de l\u2019islam. C\u2019est un mois de g\u00e9n\u00e9rosit\u00e9 et de solidarit\u00e9 par excellence.<\/p>\n<\/div>\n<p>Auteur: APA News<br \/>\n<a href=\"https:\/\/www.journalducameroun.com\/le-jeune-de-ramadan-demarre-en-cote-divoire-mardi\/\">Cliquez ici pour lire l&rsquo;article depuis sa source.<\/a><\/p>\n","protected":false},"excerpt":{"rendered":"<p>Publi\u00e9 le 12.04.2021 \u00e0 22h18 par APA News La communaut\u00e9 musulmane de d\u00e9marre, mardi, le je\u00fbne du mois de Ramadan apr\u00e8s l\u2019observation du croissant lunaire \u00e0 Bondoukou dans le Nord-Est du pays et \u00e0 Bonon dans le centre-Ouest. L\u2019annonce a \u00e9t\u00e9 faite par le Conseil sup\u00e9rieur des imams, des mosqu\u00e9es et des affaires islamiques (COSIM) [&hellip;]<\/p>\n","protected":false},"author":1965,"featured_media":0,"comment_status":"closed","ping_status":"closed","sticky":false,"template":"","format":"standard","meta":{"fifu_image_url":"","fifu_image_alt":"","footnotes":""},"categories":[73,82],"tags":[],"class_list":["post-114793","post","type-post","status-publish","format-standard","hentry","category-actualite","category-cameroun"],"_links":{"self":[{"href":"https:\/\/linitiative.ca\/International\/wp-json\/wp\/v2\/posts\/114793","targetHints":{"allow":["GET"]}}],"collection":[{"href":"https:\/\/linitiative.ca\/International\/wp-json\/wp\/v2\/posts"}],"about":[{"href":"https:\/\/linitiative.ca\/International\/wp-json\/wp\/v2\/types\/post"}],"author":[{"embeddable":true,"href":"https:\/\/linitiative.ca\/International\/wp-json\/wp\/v2\/users\/1965"}],"replies":[{"embeddable":true,"href":"https:\/\/linitiative.ca\/International\/wp-json\/wp\/v2\/comments?post=114793"}],"version-history":[{"count":0,"href":"https:\/\/linitiative.ca\/International\/wp-json\/wp\/v2\/posts\/114793\/revisions"}],"wp:attachment":[{"href":"https:\/\/linitiative.ca\/International\/wp-json\/wp\/v2\/media?parent=114793"}],"wp:term":[{"taxonomy":"category","embeddable":true,"href":"https:\/\/linitiative.ca\/International\/wp-json\/wp\/v2\/categories?post=114793"},{"taxonomy":"post_tag","embeddable":true,"href":"https:\/\/linitiative.ca\/International\/wp-json\/wp\/v2\/tags?post=114793"}],"curies":[{"name":"wp","href":"https:\/\/api.w.org\/{rel}","templated":true}]}}