{"id":114797,"date":"2021-04-12T13:42:29","date_gmt":"2021-04-12T17:42:29","guid":{"rendered":"https:\/\/linitiative.ca\/International\/boissons-frauduleuses-flou-sur-loperationnalite-dune-application-du-mincommerce\/"},"modified":"2021-04-12T13:42:29","modified_gmt":"2021-04-12T17:42:29","slug":"boissons-frauduleuses-flou-sur-loperationnalite-dune-application-du-mincommerce","status":"publish","type":"post","link":"https:\/\/linitiative.ca\/International\/boissons-frauduleuses-flou-sur-loperationnalite-dune-application-du-mincommerce\/","title":{"rendered":"Boissons frauduleuses : flou sur l\u2019op\u00e9rationnalit\u00e9 d\u2019une application du Mincommerce"},"content":{"rendered":"<p>Le ministre du Commerce, Luc Magloire Mbarga Atangana, a effectu\u00e9 en f\u00e9vrier dernier une op\u00e9ration de contr\u00f4le en nocturne dans des \u00ab snacks bars \u00bb et \u00ab Night-club \u00bb, \u00e0 l\u2019effet de traquer les boissons frauduleuses en circulation dans ces lieux d\u2019ambiance. Il a fait de la lutte contre la contrebande et la contrefa\u00e7on un de ses chevaux de bataille, et y tient comme \u00e0 la prunelle de ses yeux. Le 1er avril dernier encore, au terme d\u2019une \u00e9ni\u00e8me op\u00e9ration de contr\u00f4le des prix des produits de grande consommation dans quelques magasins de Yaound\u00e9, le patron du maroquin du Commerce semblait exulter des progr\u00e8s men\u00e9s par ses services pour \u00e9radiquer la contrebande et la contrefa\u00e7on. A l\u2019occasion, il r\u00e9v\u00e9lait \u00e9galement que \u00ab le minist\u00e8re a mis sur pied une application pour d\u00e9tecter les fausses vignettes sur les vins, et c\u2019est d\u00e9j\u00e0 op\u00e9rationnel. Sauf qu\u2019elle n\u2019est pas encore mise \u00e0 la disposition du grand public, mais elle est d\u00e9j\u00e0 utilis\u00e9e par les \u00e9quipes de la Brigade de contr\u00f4le. Vous pouvez vous rapprocher d\u2019elles pour en savoir davantage \u00bb, confiait Luc Magloire Mbarga Atangana aux m\u00e9dias.<\/p>\n<p><strong>Clair-obscur<\/strong><\/p>\n<p>Cette nouvelle venait ainsi mettre fin \u00e0 quatre longues ann\u00e9es d\u2019attente de l\u2019op\u00e9rationnalit\u00e9 de cette application num\u00e9rique, qui avait \u00e9t\u00e9 annonc\u00e9e depuis 2016. Le minist\u00e8re du Commerce avait en effet sign\u00e9 une convention avec la soci\u00e9t\u00e9 camerounaise Amla Metrics, pour sa conception. Une fois op\u00e9rationnelle cette application devait permettre d\u2019assurer la tra\u00e7abilit\u00e9 des produits commercialis\u00e9s sur le march\u00e9 camerounais, \u00e0 partir d\u2019un serveur install\u00e9 au minist\u00e8re du Commerce.<\/p>\n<p><strong>Lire aussi<\/strong> : <strong><a href=\"https:\/\/ecomatin.net\/denrees-alimentaires-disparites-entre-les-prix-homologues-et-les-pratiques\/\">Denr\u00e9es alimentaires : disparit\u00e9s entre les prix homologu\u00e9s et les pratiqu\u00e9s<\/a><\/strong><\/p>\n<p>Cependant, les consommateurs ne devraient se contenter que de l\u2019annonce du ministre sur la mise en service de cet outil. Difficile d\u2019avoir une id\u00e9e nette sur ses sp\u00e9cificit\u00e9s, encore moins si elle r\u00e9pond aux caract\u00e9ristiques pr\u00e9alablement d\u00e9finies et assign\u00e9es au prestataire. EcoMatin est entr\u00e9 en contact avec la Brigade nationale de contr\u00f4le et de r\u00e9pression des fraudes, pour essayer de comprendre comment fonctionne cette application, mais sa demande d\u2019informations a \u00e9t\u00e9 simplement ignor\u00e9e. \u00ab Le dossier est en cours de traitement. Il a \u00e9t\u00e9 d\u00e9pos\u00e9 pour validation et ne d\u00e9pend pas enti\u00e8rement de moi \u00bb, a r\u00e9torqu\u00e9 un agent de ladite brigade. Une r\u00e9ponse qui trahit \u00e0 suffire la lourdeur administrative dans le traitement des requ\u00eates des usagers au sein de ce minist\u00e8re, fussent-elles urgentes ou non.<\/p>\n<p><strong>Lire aussi<\/strong> : <strong><a href=\"https:\/\/ecomatin.net\/commerce-illicite-dans-la-spirale-de-la-contrebande\/\">Commerce illicite: dans la spirale de la contrebande<\/a><\/strong><\/p>\n<p>Auteur: Yannick KENNE<br \/>\n<a href=\"https:\/\/ecomatin.net\/boissons-frauduleuses-flou-sur-loperationnalite-dune-application-du-mincommerce\/\">Cliquez ici pour lire l&rsquo;article depuis sa source.<\/a><\/p>\n","protected":false},"excerpt":{"rendered":"<p>Le ministre du Commerce, Luc Magloire Mbarga Atangana, a effectu\u00e9 en f\u00e9vrier dernier une op\u00e9ration de contr\u00f4le en nocturne dans des \u00ab snacks bars \u00bb et \u00ab Night-club \u00bb, \u00e0 l\u2019effet de traquer les boissons frauduleuses en circulation dans ces lieux d\u2019ambiance. Il a fait de la lutte contre la contrebande et la contrefa\u00e7on un [&hellip;]<\/p>\n","protected":false},"author":1969,"featured_media":0,"comment_status":"closed","ping_status":"closed","sticky":false,"template":"","format":"standard","meta":{"fifu_image_url":"","fifu_image_alt":"","footnotes":""},"categories":[82,78],"tags":[],"class_list":["post-114797","post","type-post","status-publish","format-standard","hentry","category-cameroun","category-economie"],"_links":{"self":[{"href":"https:\/\/linitiative.ca\/International\/wp-json\/wp\/v2\/posts\/114797","targetHints":{"allow":["GET"]}}],"collection":[{"href":"https:\/\/linitiative.ca\/International\/wp-json\/wp\/v2\/posts"}],"about":[{"href":"https:\/\/linitiative.ca\/International\/wp-json\/wp\/v2\/types\/post"}],"author":[{"embeddable":true,"href":"https:\/\/linitiative.ca\/International\/wp-json\/wp\/v2\/users\/1969"}],"replies":[{"embeddable":true,"href":"https:\/\/linitiative.ca\/International\/wp-json\/wp\/v2\/comments?post=114797"}],"version-history":[{"count":0,"href":"https:\/\/linitiative.ca\/International\/wp-json\/wp\/v2\/posts\/114797\/revisions"}],"wp:attachment":[{"href":"https:\/\/linitiative.ca\/International\/wp-json\/wp\/v2\/media?parent=114797"}],"wp:term":[{"taxonomy":"category","embeddable":true,"href":"https:\/\/linitiative.ca\/International\/wp-json\/wp\/v2\/categories?post=114797"},{"taxonomy":"post_tag","embeddable":true,"href":"https:\/\/linitiative.ca\/International\/wp-json\/wp\/v2\/tags?post=114797"}],"curies":[{"name":"wp","href":"https:\/\/api.w.org\/{rel}","templated":true}]}}