{"id":114798,"date":"2021-04-12T13:56:30","date_gmt":"2021-04-12T17:56:30","guid":{"rendered":"https:\/\/linitiative.ca\/International\/insertion-socio-professionnelle-des-jeunes-le-gicam-et-luniversite-de-dschang-signent-une-convention\/"},"modified":"2021-04-12T13:56:30","modified_gmt":"2021-04-12T17:56:30","slug":"insertion-socio-professionnelle-des-jeunes-le-gicam-et-luniversite-de-dschang-signent-une-convention","status":"publish","type":"post","link":"https:\/\/linitiative.ca\/International\/insertion-socio-professionnelle-des-jeunes-le-gicam-et-luniversite-de-dschang-signent-une-convention\/","title":{"rendered":"Insertion socio professionnelle des jeunes : le Gicam et l\u2019Universit\u00e9 de Dschang signent une convention"},"content":{"rendered":"<div class=\"featured-area featured-area-inner\">\n<figure class=\"single-featured-image\">\n<p><img loading=\"lazy\" decoding=\"async\" width=\"640\" height=\"380\" src=\"https:\/\/ecomatin.net\/wp-content\/uploads\/2021\/04\/WhatsApp-Image-2021-04-09-at-09.05.03.jpeg\" class=\"attachment-jannah-image-post size-jannah-image-post wp-post-image\" alt=\"\" is_main_img=\"1\" srcset=\"https:\/\/ecomatin.net\/wp-content\/uploads\/2021\/04\/WhatsApp-Image-2021-04-09-at-09.05.03.jpeg 640w, https:\/\/ecomatin.net\/wp-content\/uploads\/2021\/04\/WhatsApp-Image-2021-04-09-at-09.05.03-300x178.jpeg 300w\" sizes=\"auto, (max-width: 640px) 100vw, 640px\"\/><\/p>\n<\/figure>\n<\/div>\n<div class=\"entry-content entry clearfix\" readability=\"59.8797731569\">\n<p>Le Groupement inter-patronal du Cameroun (Gicam) et l\u2019Universit\u00e9 de Dschang (UDS) sont d\u00e9sormais main dans la main pour la formation et l\u2019insertion professionnelles des dipl\u00f4m\u00e9s. La convention cadre y relative a \u00e9t\u00e9 paraph\u00e9e jeudi 8 avril 2021, par les responsables de ces deux institutions, r\u00e9unis \u00e0 l\u2019Universit\u00e9 de Dschang, r\u00e9gion de l\u2019Ouest. Selon les recommandations formul\u00e9es dans le cadre de ce partenariat, le Gicam et cette universit\u00e9 se sont engag\u00e9s \u00e0 faciliter et syst\u00e9matiser les \u00e9changes d\u2019informations et de documentations dans leur domaine de comp\u00e9tence respectif. De ce fait, les partenaires s\u2019engagent \u00e0 cr\u00e9er et \u00e0 financer le d\u00e9veloppement \u00e0 l\u2019Uds d\u2019une v\u00e9ritable p\u00e9pini\u00e8re de chercheurs sur les th\u00e9matiques calibr\u00e9es aux besoins du Gicam ou de ses entreprises membres.<\/p>\n<p><strong>Lire aussi<\/strong> : <strong><a href=\"https:\/\/ecomatin.net\/soutien-a-lentrepreneuriat-le-gicam-inaugure-son-centre-dincubation\/\">Soutien \u00e0 l\u2019entrepreneuriat : le Gicam inaugure son centre d\u2019incubation<\/a><\/strong><\/p>\n<p>Ils ont \u00e9galement pris l\u2019engagement d\u2019initier des partenariats sp\u00e9cifiques entre les entreprises membres du Gicam et l\u2019UDS dans le cadre de la recherche fondamentale et de la professionnalisation de la formation acad\u00e9mique des \u00e9tudiants avec un accent sur la d\u00e9finition des modalit\u00e9s calqu\u00e9es aux exigences du monde des affaires. Afin de r\u00e9duire le taux de ch\u00f4mage des jeunes, ces partenaires se sont dits pr\u00e9occup\u00e9s par l\u2019insertion professionnelle des dipl\u00f4m\u00e9s de l\u2019Universit\u00e9 de Dschang. A ce stade, ils se sont engag\u00e9s \u00e0 d\u00e9velopper les strat\u00e9gies pouvant faciliter l\u2019insertion des dipl\u00f4m\u00e9s form\u00e9s dans cette institution universitaire et \u00e0 apporter un appui permanent \u00e0 son Centre d\u2019incubation et d\u2019innovation.<\/p>\n<p><strong>Le livre blanc<\/strong><\/p>\n<p>\u00ab On d\u00e9finit un mod\u00e8le \u00e9conomie. C\u2019est le choix qui doit donner lieu \u00e0 des critiques. C\u2019est pour cela que nous sommes venus dans le monde de la critique. Car les critiques universitaires ont cette capacit\u00e9 de tester les mod\u00e8les. Nous souhaitons que ces mod\u00e8les \u00e9conomiques, ces propositions, fassent l\u2019objet des discussions pour qu\u2019on puisse co-construire notre pays tout en am\u00e9liorant ensemble le dialogue entre l\u2019Etat, le secteur priv\u00e9 et les universitaires. \u00c7a fait partie int\u00e9grante de la r\u00e9flexion. On ne peut pas parler r\u00e9flexions sans parler du monde universitaire. C\u2019est la raison pour laquelle, nous avons commenc\u00e9 cette d\u00e9marche de partager justement ce livre blanc, de partager notre vision de l\u2019\u00e9conomie avec l\u2019Universit\u00e9 de Dschang qui a une vocation entrepreneuriale forte \u00bb, justifie C\u00e9lestin Tawamba, pr\u00e9sident du Gicam.<\/p>\n<p><strong>Lire aussi<\/strong> : <strong><a href=\"https:\/\/ecomatin.net\/le-pad-soutient-la-formation-professionnelle-des-jeunes\/\">Le PAD soutient la formation professionnelle des jeunes<\/a><\/strong><\/p>\n<p><strong>Armel Djiogue<\/strong><\/p>\n<\/div>\n<p>Auteur: EcoMatin<br \/>\n<a href=\"https:\/\/ecomatin.net\/insertion-socio-professionnelle-des-jeunes-le-gicam-et-luniversite-de-dschang-signent-une-convention\/\">Cliquez ici pour lire l&rsquo;article depuis sa source.<\/a><\/p>\n","protected":false},"excerpt":{"rendered":"<p>Le Groupement inter-patronal du Cameroun (Gicam) et l\u2019Universit\u00e9 de Dschang (UDS) sont d\u00e9sormais main dans la main pour la formation et l\u2019insertion professionnelles des dipl\u00f4m\u00e9s. La convention cadre y relative a \u00e9t\u00e9 paraph\u00e9e jeudi 8 avril 2021, par les responsables de ces deux institutions, r\u00e9unis \u00e0 l\u2019Universit\u00e9 de Dschang, r\u00e9gion de l\u2019Ouest. Selon les recommandations [&hellip;]<\/p>\n","protected":false},"author":1969,"featured_media":0,"comment_status":"closed","ping_status":"closed","sticky":false,"template":"","format":"standard","meta":{"fifu_image_url":"https:\/\/ecomatin.net\/wp-content\/uploads\/2021\/04\/WhatsApp-Image-2021-04-09-at-09.05.03.jpeg","fifu_image_alt":"Insertion socio professionnelle des jeunes : le Gicam et l\u2019Universit\u00e9 de Dschang signent une convention","footnotes":""},"categories":[82,78],"tags":[],"class_list":["post-114798","post","type-post","status-publish","format-standard","hentry","category-cameroun","category-economie"],"_links":{"self":[{"href":"https:\/\/linitiative.ca\/International\/wp-json\/wp\/v2\/posts\/114798","targetHints":{"allow":["GET"]}}],"collection":[{"href":"https:\/\/linitiative.ca\/International\/wp-json\/wp\/v2\/posts"}],"about":[{"href":"https:\/\/linitiative.ca\/International\/wp-json\/wp\/v2\/types\/post"}],"author":[{"embeddable":true,"href":"https:\/\/linitiative.ca\/International\/wp-json\/wp\/v2\/users\/1969"}],"replies":[{"embeddable":true,"href":"https:\/\/linitiative.ca\/International\/wp-json\/wp\/v2\/comments?post=114798"}],"version-history":[{"count":0,"href":"https:\/\/linitiative.ca\/International\/wp-json\/wp\/v2\/posts\/114798\/revisions"}],"wp:attachment":[{"href":"https:\/\/linitiative.ca\/International\/wp-json\/wp\/v2\/media?parent=114798"}],"wp:term":[{"taxonomy":"category","embeddable":true,"href":"https:\/\/linitiative.ca\/International\/wp-json\/wp\/v2\/categories?post=114798"},{"taxonomy":"post_tag","embeddable":true,"href":"https:\/\/linitiative.ca\/International\/wp-json\/wp\/v2\/tags?post=114798"}],"curies":[{"name":"wp","href":"https:\/\/api.w.org\/{rel}","templated":true}]}}