{"id":114800,"date":"2021-04-12T14:00:55","date_gmt":"2021-04-12T18:00:55","guid":{"rendered":"https:\/\/linitiative.ca\/International\/%ef%bb%bfjeuner-ou-pas-telle-est-la-question\/"},"modified":"2021-04-12T14:00:55","modified_gmt":"2021-04-12T18:00:55","slug":"%ef%bb%bfjeuner-ou-pas-telle-est-la-question","status":"publish","type":"post","link":"https:\/\/linitiative.ca\/International\/%ef%bb%bfjeuner-ou-pas-telle-est-la-question\/","title":{"rendered":"\ufeffJe\u00fbner ou pas, telle est la question ?"},"content":{"rendered":"<p class=\"has-text-color has-vivid-cyan-blue-color c1\"><strong>Maladies chroniques<\/strong><\/p>\n<p><strong>Par Fadwa EL GHAZI \u2013 MAP<\/strong><\/p>\n<p><strong>Je\u00fbner ou pas, c\u2019est la question qui taraude les esprits des personnes atteintes de maladies chroniques avec l\u2019av\u00e8nement du mois sacr\u00e9 du Ramadan. Que l\u2019on soit bien clair, on ne badine pas avec la sant\u00e9.<\/strong><\/p>\n<p>Certes, du point de vue religieux et m\u00e9dical, cette frange de la soci\u00e9t\u00e9 a enti\u00e8rement le droit de ne pas je\u00fbner et elle doit se plier aux pr\u00e9ceptes de l\u2019Islam et des m\u00e9decins. Toutefois, plusieurs malades atteints de maladies chroniques veulent observer ce quatri\u00e8me pilier de l\u2019Islam.<\/p>\n<p>Pour Latifa (63 ans), la question ne se pose m\u00eame pas. Elle je\u00fbne. Atteinte d\u2019une maladie cardiaque depuis deux ans, elle a observ\u00e9 le je\u00fbne l\u2019ann\u00e9e derni\u00e8re et elle s\u2019est bien sortie. \u00ab\u00a0Je n\u2019ai qu\u2019un seul comprim\u00e9 par jour \u00e0 prendre et mon cardiologue m\u2019a autoris\u00e9 \u00e0 je\u00fbner. Il m\u2019a \u00e9galement rassur\u00e9 qu\u2019il est disponible en cas de malaise. Donc, j\u2019ai tent\u00e9 et j\u2019ai r\u00e9ussi \u00e0 je\u00fbner tant bien que mal\u00a0\u00bb.<\/p>\n<p>Dans la m\u00eame veine, M.E souligne qu\u2019elle je\u00fbne m\u00eame si elle est diab\u00e9tique. \u00ab\u00a0J\u2019ai demand\u00e9 \u00e0 mon endocrinologue et elle m\u2019a autoris\u00e9 de je\u00fbner. Mon diab\u00e8te est \u00e9quilibr\u00e9, je n\u2019ai aucun probl\u00e8me \u00e0 observer ce rite musulman. Tant que je ne mets pas ma vie en danger, je le fais. Et puis, avoir soif ou faim n\u2019est pas un probl\u00e8me en soi. C\u2019est apr\u00e8s la rupture du je\u00fbne que j\u2019ai du mal \u00e0 contr\u00f4ler mon app\u00e9tit\u00a0\u00bb.<\/p>\n<p>Pour A\u00efcha, 61 ans, elle ne je\u00fbne pas. Cardiaque et diab\u00e9tique et souffrant de la thyro\u00efde, si elle je\u00fbne, elle peut mettre en p\u00e9ril sa vie. \u00ab\u00a0C\u2019est le troisi\u00e8me Ramadan que je ne je\u00fbne pas. Je dois prendre plusieurs m\u00e9dicaments durant la journ\u00e9e et les heures de je\u00fbne sont longues\u00a0\u00bb, rench\u00e9rit-elle avec un brin de tristesse.\u00a0 M\u00eame constat pour Siham. \u00ab\u00a0Une d\u00e9cision difficile \u00e0 prendre. J\u2019ai essay\u00e9, mais je n\u2019ai pas pu\u00a0\u00bb, confie-t-elle. Souffrant de plusieurs maladies chroniques, cette sexag\u00e9naire passe sa journ\u00e9e difficilement parce qu\u2019elle est tiraill\u00e9e entre son envie d\u2019observer le je\u00fbne et son incapacit\u00e9 \u00e0 le faire.<\/p>\n<p>Observer ce rite musulman alors que l\u2019on souffre d\u2019une ou plusieurs maladies chroniques est un non-sens, selon Dr Mohamed El Hassan Gharbi, Endocrinologue et Professeur \u00e0 la Facult\u00e9 de M\u00e9decine et de Pharmacie de Rabat.<\/p>\n<p>L\u2019impact du je\u00fbne chez les patients souffrant de maladies chroniques ne peut \u00eatre que d\u00e9l\u00e9t\u00e8re, car s\u2019abstenir de manger et de boire en journ\u00e9e est incompatible avec la prise m\u00e9dicamenteuse prescrite, explique Dr. Gharbi.<\/p>\n<p>\u00ab\u00a0Pour peu que la maladie impose une prise des m\u00e9dicaments \u00e0 des horaires pr\u00e9cis comme c\u2019est le cas dans le diab\u00e8te ou encore l\u2019hypertension art\u00e9rielle et encore plus dans les maladies cardiaques o\u00f9 les ordonnances sont souvent tr\u00e8s charg\u00e9es et le malade devra se plier \u00e0 une gymnastique inutile qui va le pousser \u00e0 prendre ses m\u00e9dicaments de nuit plut\u00f4t que deux jours\u00a0\u00bb, poursuit cet endocrinologue.<\/p>\n<p>Pour ce professeur, certains m\u00e9decins encouragent leurs patients atteints de maladies chroniques \u00e0 observer ce rite et \u00ab\u00a0comme pour se donner bonne conscience, ils leur disent : vous pouvez Je\u00fbner, mais en cas de probl\u00e8mes ou malaises rompez-le !\u00a0\u00bb.<\/p>\n<p>Ceci est un non-sens parce que l\u2019essence de ce quatri\u00e8me pilier de l\u2019Islam se perd avec un tel raisonnement. \u00ab\u00a0Le patient doit avoir l\u2019intention de s\u2019y plier et non pas l\u2019intention de le rompre \u00e0 la veille du mois sacr\u00e9. S\u2019il je\u00fbne avec l\u2019id\u00e9e qu\u2019il va, peut-\u00eatre, le rompre ceci n\u2019est plus un je\u00fbne religieux, mais uniquement une privation d\u00e9nu\u00e9e de sens\u00a0\u00bb, estime-t-il.<\/p>\n<p>En Islam, plusieurs cat\u00e9gories de personnes ont le droit de rompre le je\u00fbne si elles souffrent de maladies incurables ou chroniques. Elles doivent nourrir un pauvre pour chaque jour non je\u00fbn\u00e9. Ce don peut \u00eatre fait en nature (farine, huile, sucre et orge) ou par le biais d\u2019une somme d\u2019argent \u00e9quivalente au profit d\u2019une veuve ou d\u2019un pauvre. Cette question de je\u00fbner ou pas ne devrait nullement fr\u00f4ler l\u2019esprit des personnes atteintes de plusieurs pathologies chroniques qui sont d\u00e9j\u00e0 difficilement prises en charge en temps normal !<\/p>\n<p>Auteur: M&rsquo;hammed rahal<br \/>\n<a href=\"http:\/\/albayane.press.ma\/%EF%BB%BFjeuner-ou-pas-telle-est-la-question.html\">Cliquez ici pour lire l&rsquo;article depuis sa source.<\/a><\/p>\n","protected":false},"excerpt":{"rendered":"<p>Maladies chroniques Par Fadwa EL GHAZI \u2013 MAP Je\u00fbner ou pas, c\u2019est la question qui taraude les esprits des personnes atteintes de maladies chroniques avec l\u2019av\u00e8nement du mois sacr\u00e9 du Ramadan. Que l\u2019on soit bien clair, on ne badine pas avec la sant\u00e9. Certes, du point de vue religieux et m\u00e9dical, cette frange de la [&hellip;]<\/p>\n","protected":false},"author":1760,"featured_media":0,"comment_status":"closed","ping_status":"closed","sticky":false,"template":"","format":"standard","meta":{"fifu_image_url":"","fifu_image_alt":"","footnotes":""},"categories":[73,54],"tags":[],"class_list":["post-114800","post","type-post","status-publish","format-standard","hentry","category-actualite","category-maroc"],"_links":{"self":[{"href":"https:\/\/linitiative.ca\/International\/wp-json\/wp\/v2\/posts\/114800","targetHints":{"allow":["GET"]}}],"collection":[{"href":"https:\/\/linitiative.ca\/International\/wp-json\/wp\/v2\/posts"}],"about":[{"href":"https:\/\/linitiative.ca\/International\/wp-json\/wp\/v2\/types\/post"}],"author":[{"embeddable":true,"href":"https:\/\/linitiative.ca\/International\/wp-json\/wp\/v2\/users\/1760"}],"replies":[{"embeddable":true,"href":"https:\/\/linitiative.ca\/International\/wp-json\/wp\/v2\/comments?post=114800"}],"version-history":[{"count":0,"href":"https:\/\/linitiative.ca\/International\/wp-json\/wp\/v2\/posts\/114800\/revisions"}],"wp:attachment":[{"href":"https:\/\/linitiative.ca\/International\/wp-json\/wp\/v2\/media?parent=114800"}],"wp:term":[{"taxonomy":"category","embeddable":true,"href":"https:\/\/linitiative.ca\/International\/wp-json\/wp\/v2\/categories?post=114800"},{"taxonomy":"post_tag","embeddable":true,"href":"https:\/\/linitiative.ca\/International\/wp-json\/wp\/v2\/tags?post=114800"}],"curies":[{"name":"wp","href":"https:\/\/api.w.org\/{rel}","templated":true}]}}