{"id":114801,"date":"2021-04-12T14:00:56","date_gmt":"2021-04-12T18:00:56","guid":{"rendered":"https:\/\/linitiative.ca\/International\/festival-international-du-film-arabe-de-malmo\/"},"modified":"2021-04-12T14:00:56","modified_gmt":"2021-04-12T18:00:56","slug":"festival-international-du-film-arabe-de-malmo","status":"publish","type":"post","link":"https:\/\/linitiative.ca\/International\/festival-international-du-film-arabe-de-malmo\/","title":{"rendered":"Festival international du film arabe de Malm\u00f6"},"content":{"rendered":"<p class=\"has-text-color c1\"><strong>Naima Lamcharki sacr\u00e9e meilleure actrice<\/strong><\/p>\n<p><strong>L\u2019artiste marocaine Naima Lamcharki a \u00e9t\u00e9 sacr\u00e9e meilleure actrice au Festival international du film arabe de Malm\u00f6 (sud de la Su\u00e8de) pour son r\u00f4le dans le film \u201cL\u2019automne des pommiers\u201d de Mohamed Mouftakir.<\/strong><\/p>\n<p>Cette nouvelle cons\u00e9cration, annonc\u00e9e dimanche soir par les organisateurs au terme de la 11\u00e8me \u00e9dition du Festival de Malm\u00f6, s\u2019ajoute au palmar\u00e8s d\u00e9j\u00e0 bien garni d\u2019une authentique artiste aux prouesses in\u00e9gal\u00e9es.<\/p>\n<p>Dans ce film produit en 2019, troisi\u00e8me long-m\u00e9trage de Mohamed Mouftakir apr\u00e8s \u201cP\u00e9gase\u201d (2009) et \u201cL\u2019Orchestre des aveugles\u201d (2015), Naima Lamcharki incarne le r\u00f4le d\u2019une grand-m\u00e8re dans un r\u00e9cit po\u00e9tique aux rebondissements rocambolesques.<\/p>\n<p>Ce long m\u00e9trage de 120 minutes raconte l\u2019histoire de Slimane, un jeune gar\u00e7on de dix ans, qui n\u2019a jamais connu sa m\u00e8re disparue myst\u00e9rieusement alors qu\u2019il n\u2019avait qu\u2019un an. Son p\u00e8re le nie croyant qu\u2019il est le fruit d\u2019un p\u00e9ch\u00e9.<\/p>\n<p>Grand prix du festival marocain du film de Tanger (28 f\u00e9vrier\/7 mars 2021), \u201cL\u2019Automne des pommiers\u201d y a remport\u00e9 trois autres lauriers : le Prix de la meilleure image 2020, le Prix de la Critique 2020 et le Prix de la F\u00e9d\u00e9ration des cin\u00e9clubs 2020.<\/p>\n<p>Alternant activit\u00e9s pr\u00e9sentielles et virtuelles via Internet, la 11\u00e8me \u00e9dition du Festival du film de Malm\u00f6 a accord\u00e9 le prix du meilleur film \u00e0 \u201cL\u2019homme qui a vendu sa peau\u201d de la r\u00e9alisatrice tunisienne Kaouther Ben Hania.<\/p>\n<p>Le prix du meilleur r\u00e9alisateur est revenu \u00e0 Abdulaziz Al-Shalahi (Arabie Saoudite) pour son film \u201cThe Tambour of Retribution\u201d, celui du public \u00e0 \u201cCouvre-feu\u201d de l\u2019Egyptien Amir Ramses, et le prix du meilleur sc\u00e9nario au Tunisien Ghazi Zaghbeni pour \u201cThe Dilemma\u201d.<\/p>\n<p>La com\u00e9dienne marocaine Fatima Atif avait remport\u00e9 le prix de la meilleure actrice de la neuvi\u00e8me \u00e9dition du Festival du film arabe de Malm\u00f6 (4\/8 octobre 2019), pour son r\u00f4le dans le film \u201cLa Gu\u00e9risseuse\u201d (The Healer), du r\u00e9alisateur Mohamed Zineddaine.<\/p>\n<p>Auteur: M&rsquo;hammed rahal<br \/>\n<a href=\"http:\/\/albayane.press.ma\/festival-international-du-film-arabe-de-malmo.html\">Cliquez ici pour lire l&rsquo;article depuis sa source.<\/a><\/p>\n","protected":false},"excerpt":{"rendered":"<p>Naima Lamcharki sacr\u00e9e meilleure actrice L\u2019artiste marocaine Naima Lamcharki a \u00e9t\u00e9 sacr\u00e9e meilleure actrice au Festival international du film arabe de Malm\u00f6 (sud de la Su\u00e8de) pour son r\u00f4le dans le film \u201cL\u2019automne des pommiers\u201d de Mohamed Mouftakir. Cette nouvelle cons\u00e9cration, annonc\u00e9e dimanche soir par les organisateurs au terme de la 11\u00e8me \u00e9dition du Festival [&hellip;]<\/p>\n","protected":false},"author":1760,"featured_media":0,"comment_status":"closed","ping_status":"closed","sticky":false,"template":"","format":"standard","meta":{"fifu_image_url":"","fifu_image_alt":"","footnotes":""},"categories":[73,54],"tags":[],"class_list":["post-114801","post","type-post","status-publish","format-standard","hentry","category-actualite","category-maroc"],"_links":{"self":[{"href":"https:\/\/linitiative.ca\/International\/wp-json\/wp\/v2\/posts\/114801","targetHints":{"allow":["GET"]}}],"collection":[{"href":"https:\/\/linitiative.ca\/International\/wp-json\/wp\/v2\/posts"}],"about":[{"href":"https:\/\/linitiative.ca\/International\/wp-json\/wp\/v2\/types\/post"}],"author":[{"embeddable":true,"href":"https:\/\/linitiative.ca\/International\/wp-json\/wp\/v2\/users\/1760"}],"replies":[{"embeddable":true,"href":"https:\/\/linitiative.ca\/International\/wp-json\/wp\/v2\/comments?post=114801"}],"version-history":[{"count":0,"href":"https:\/\/linitiative.ca\/International\/wp-json\/wp\/v2\/posts\/114801\/revisions"}],"wp:attachment":[{"href":"https:\/\/linitiative.ca\/International\/wp-json\/wp\/v2\/media?parent=114801"}],"wp:term":[{"taxonomy":"category","embeddable":true,"href":"https:\/\/linitiative.ca\/International\/wp-json\/wp\/v2\/categories?post=114801"},{"taxonomy":"post_tag","embeddable":true,"href":"https:\/\/linitiative.ca\/International\/wp-json\/wp\/v2\/tags?post=114801"}],"curies":[{"name":"wp","href":"https:\/\/api.w.org\/{rel}","templated":true}]}}