{"id":114804,"date":"2021-04-13T06:50:05","date_gmt":"2021-04-13T10:50:05","guid":{"rendered":"https:\/\/linitiative.ca\/International\/bct-deceleration-du-rythme-doctroi-des-credits-a-leconomie-en-janvier-2021\/"},"modified":"2021-04-13T06:50:05","modified_gmt":"2021-04-13T10:50:05","slug":"bct-deceleration-du-rythme-doctroi-des-credits-a-leconomie-en-janvier-2021","status":"publish","type":"post","link":"https:\/\/linitiative.ca\/International\/bct-deceleration-du-rythme-doctroi-des-credits-a-leconomie-en-janvier-2021\/","title":{"rendered":"BCT : D\u00e9c\u00e9l\u00e9ration du rythme d\u2019octroi des cr\u00e9dits \u00e0 l\u2019\u00e9conomie, en janvier 2021"},"content":{"rendered":"<p>Le rythme de progression des cr\u00e9dits \u00e0 l\u2019\u00e9conomie a d\u00e9c\u00e9l\u00e9r\u00e9 en janvier 2021 (en glissement annuel), pour se situer au niveau de 5,7%, contre 6,8% en d\u00e9cembre 2020, c\u2019est ce qui ressort d\u2019une note publi\u00e9e, lundi, par la Banque Centrale de Tunisie (BCT), sur les \u00e9volutions \u00e9conomiques et mon\u00e9taires (Avril 2021). La BCT a expliqu\u00e9 cette baisse par la d\u00e9c\u00e9l\u00e9ration des cr\u00e9dits aux professionnels (+5,3% contre +7,2%), suite au repli des cr\u00e9dits \u00e0 court terme (-3,2% contre +0,5% en d\u00e9cembre 2020).En revanche, le rythme de progression des cr\u00e9dits aux particuliers, s\u2019est affermi pour atteindre +6,7% contre +5,8% en d\u00e9cembre 2020, portant la marque d\u2019une acc\u00e9l\u00e9ration des cr\u00e9dits \u00e0 la consommation et des cr\u00e9dits de logement (+8,9% et +4,2%, respectivement, contre +7,6% et +3,8%).<\/p>\n<div class=\"wp-post-author-wrap wp-post-author-shortcode left\">\n<h3 class=\"awpa-title\"\/>\n<div class=\"wp-post-author\">\n<div class=\"awpa-img awpa-author-block square\"><a href=\"http:\/\/lexpertjournal.net\/fr\/?author=5\"><img loading=\"lazy\" decoding=\"async\" alt=\"\" src=\"http:\/\/0.gravatar.com\/avatar\/97f8e10a1c1125ba104a76514ee07b16?s=150&amp;d=mm&amp;r=g\" srcset=\"http:\/\/0.gravatar.com\/avatar\/97f8e10a1c1125ba104a76514ee07b16?s=300&amp;d=mm&amp;r=g 2x\" class=\"avatar avatar-150 photo\" height=\"150\" width=\"150\"\/><\/a><\/div>\n<\/div>\n<\/div>\n<aside class=\"mashsb-container mashsb-main mashsb-stretched\">\n<\/aside>\n<p>Auteur: L&rsquo;expert<br \/>\n<a href=\"http:\/\/lexpertjournal.net\/fr\/?p=19598\">Cliquez ici pour lire l&rsquo;article depuis sa source.<\/a><\/p>\n","protected":false},"excerpt":{"rendered":"<p>Le rythme de progression des cr\u00e9dits \u00e0 l\u2019\u00e9conomie a d\u00e9c\u00e9l\u00e9r\u00e9 en janvier 2021 (en glissement annuel), pour se situer au niveau de 5,7%, contre 6,8% en d\u00e9cembre 2020, c\u2019est ce qui ressort d\u2019une note publi\u00e9e, lundi, par la Banque Centrale de Tunisie (BCT), sur les \u00e9volutions \u00e9conomiques et mon\u00e9taires (Avril 2021). La BCT a expliqu\u00e9 [&hellip;]<\/p>\n","protected":false},"author":1775,"featured_media":0,"comment_status":"closed","ping_status":"closed","sticky":false,"template":"","format":"standard","meta":{"fifu_image_url":"http:\/\/0.gravatar.com\/avatar\/97f8e10a1c1125ba104a76514ee07b16?s=150&d=mm&r=g","fifu_image_alt":"BCT : D\u00e9c\u00e9l\u00e9ration du rythme d\u2019octroi des cr\u00e9dits \u00e0 l\u2019\u00e9conomie, en janvier 2021","footnotes":""},"categories":[78,55],"tags":[],"class_list":["post-114804","post","type-post","status-publish","format-standard","hentry","category-economie","category-tunisie"],"_links":{"self":[{"href":"https:\/\/linitiative.ca\/International\/wp-json\/wp\/v2\/posts\/114804","targetHints":{"allow":["GET"]}}],"collection":[{"href":"https:\/\/linitiative.ca\/International\/wp-json\/wp\/v2\/posts"}],"about":[{"href":"https:\/\/linitiative.ca\/International\/wp-json\/wp\/v2\/types\/post"}],"author":[{"embeddable":true,"href":"https:\/\/linitiative.ca\/International\/wp-json\/wp\/v2\/users\/1775"}],"replies":[{"embeddable":true,"href":"https:\/\/linitiative.ca\/International\/wp-json\/wp\/v2\/comments?post=114804"}],"version-history":[{"count":0,"href":"https:\/\/linitiative.ca\/International\/wp-json\/wp\/v2\/posts\/114804\/revisions"}],"wp:attachment":[{"href":"https:\/\/linitiative.ca\/International\/wp-json\/wp\/v2\/media?parent=114804"}],"wp:term":[{"taxonomy":"category","embeddable":true,"href":"https:\/\/linitiative.ca\/International\/wp-json\/wp\/v2\/categories?post=114804"},{"taxonomy":"post_tag","embeddable":true,"href":"https:\/\/linitiative.ca\/International\/wp-json\/wp\/v2\/tags?post=114804"}],"curies":[{"name":"wp","href":"https:\/\/api.w.org\/{rel}","templated":true}]}}