{"id":114805,"date":"2021-04-13T07:02:03","date_gmt":"2021-04-13T11:02:03","guid":{"rendered":"https:\/\/linitiative.ca\/International\/demarrage-du-projet-people-cork-de-valorisation-du-chene-liege-de-la-kroumirie-mogods\/"},"modified":"2021-04-13T07:02:03","modified_gmt":"2021-04-13T11:02:03","slug":"demarrage-du-projet-people-cork-de-valorisation-du-chene-liege-de-la-kroumirie-mogods","status":"publish","type":"post","link":"https:\/\/linitiative.ca\/International\/demarrage-du-projet-people-cork-de-valorisation-du-chene-liege-de-la-kroumirie-mogods\/","title":{"rendered":"D\u00e9marrage du projet People &amp; Cork de valorisation du ch\u00eane-li\u00e8ge de la Kroumirie Mogods"},"content":{"rendered":"<p>Le projet People &amp; Cork : \u201cAm\u00e9lioration des valeurs du paysage culturel du ch\u00eane-li\u00e8ge en faveur d\u2019un d\u00e9veloppement communautaire local dans les suberaies de la r\u00e9gion de la Kroumirie Mogods\u201d d\u00e9marrera officiellement le 15 avril 2021.<\/p>\n<p>Initi\u00e9 par le WWF Afrique du Nord en partenariat avec l\u2019Institut Sylvo-Pastoral de Tabarka et la Direction g\u00e9n\u00e9rale des for\u00eats, ce projet vise essentiellement, \u00e0 promouvoir les pratiques culturelles et naturelles des utilisations traditionnelles et durables des paysages forestiers du ch\u00eane-li\u00e8ge en Kroumirie-Mogods.<\/p>\n<p>L\u2019objectif est aussi, de valoriser le potentiel paysager naturel et culturel de la r\u00e9gion, par la communication, le plaidoyer pour des politiques de soutien \u00e0 la recherche et la promotion d\u2019initiatives \u00e9conomiques durables et innovantes.<\/p>\n<p>Le ch\u00eane-li\u00e8ge, est un arbre de la famille des Fagacae, au feuillage persistant.<\/p>\n<p>La principale caract\u00e9ristique de l\u2019esp\u00e8ce est son \u00e9corce \u00e9paisse et isolante, form\u00e9e de li\u00e8ge, qui la prot\u00e8ge du feu.<\/p>\n<p>L\u2019esp\u00e8ce n\u2019est pr\u00e9sente naturellement qu\u2019autour de la M\u00e9diterran\u00e9e occidentale. Le ch\u00eane-li\u00e8ge se pr\u00e9sente sous la forme d\u2019un arbre de taille moyenne pouvant atteindre 20 \u00e0 25 m de hauteur, mais le plus souvent ne d\u00e9passant pas 15 m.<\/p>\n<p>En Tunisie, d\u2019apr\u00e8s une ancienne \u00e9tude de l\u2019Unit\u00e9 de Gestion et de Valorisation des Ressources Foresti\u00e8res datant de 2004, le Ch\u00eane-li\u00e8ge est l\u2019esp\u00e8ce foresti\u00e8re feuillue autochtone la plus repr\u00e9sent\u00e9e sur le territoire tunisien et tout particuli\u00e8rement en Kroumirie (Nord-Ouest). Autrefois, la suberaie occupait une superficie tr\u00e8s importante.<\/p>\n<p>Celle-ci a diminu\u00e9 sous l\u2019action de l\u2019Homme et de son cheptel. En plus de l\u2019action anthropique, les for\u00eats de ch\u00eane-li\u00e8ge sont soumises \u00e0 plusieurs autres contraintes naturelles (s\u00e9cheresse, incendies, attaques d\u2019insectes et de champignons, etc.), qui ont provoqu\u00e9, depuis des ann\u00e9es, des d\u00e9p\u00e9rissements tr\u00e8s inqui\u00e9tants.<\/p>\n<p>Les for\u00eats naturelles de feuillus sont localis\u00e9es pour l\u2019essentiel dans la Kroumirie et les Mogods.<\/p>\n<p>La journ\u00e9e du d\u00e9marrage du projet People &amp; Cork (les gens et le li\u00e8ge), aura lieu le 15 avril 2021 via la plateforme zoom.<\/p>\n<div class=\"wp-post-author-wrap wp-post-author-shortcode left\">\n<h3 class=\"awpa-title\"\/>\n<div class=\"wp-post-author\">\n<div class=\"awpa-img awpa-author-block square\"><a href=\"http:\/\/lexpertjournal.net\/fr\/?author=5\"><img loading=\"lazy\" decoding=\"async\" alt=\"\" src=\"http:\/\/0.gravatar.com\/avatar\/97f8e10a1c1125ba104a76514ee07b16?s=150&amp;d=mm&amp;r=g\" srcset=\"http:\/\/0.gravatar.com\/avatar\/97f8e10a1c1125ba104a76514ee07b16?s=300&amp;d=mm&amp;r=g 2x\" class=\"avatar avatar-150 photo\" height=\"150\" width=\"150\"\/><\/a><\/div>\n<\/div>\n<\/div>\n<aside class=\"mashsb-container mashsb-main mashsb-stretched\">\n<\/aside>\n<p>Auteur: L&rsquo;expert<br \/>\n<a href=\"http:\/\/lexpertjournal.net\/fr\/?p=19601\">Cliquez ici pour lire l&rsquo;article depuis sa source.<\/a><\/p>\n","protected":false},"excerpt":{"rendered":"<p>Le projet People &amp; Cork : \u201cAm\u00e9lioration des valeurs du paysage culturel du ch\u00eane-li\u00e8ge en faveur d\u2019un d\u00e9veloppement communautaire local dans les suberaies de la r\u00e9gion de la Kroumirie Mogods\u201d d\u00e9marrera officiellement le 15 avril 2021. Initi\u00e9 par le WWF Afrique du Nord en partenariat avec l\u2019Institut Sylvo-Pastoral de Tabarka et la Direction g\u00e9n\u00e9rale des [&hellip;]<\/p>\n","protected":false},"author":1775,"featured_media":0,"comment_status":"closed","ping_status":"closed","sticky":false,"template":"","format":"standard","meta":{"fifu_image_url":"http:\/\/0.gravatar.com\/avatar\/97f8e10a1c1125ba104a76514ee07b16?s=150&d=mm&r=g","fifu_image_alt":"<div>D\u00e9marrage du projet People & Cork de valorisation du ch\u00eane-li\u00e8ge de la Kroumirie Mogods<\/div>","footnotes":""},"categories":[78,55],"tags":[],"class_list":["post-114805","post","type-post","status-publish","format-standard","hentry","category-economie","category-tunisie"],"_links":{"self":[{"href":"https:\/\/linitiative.ca\/International\/wp-json\/wp\/v2\/posts\/114805","targetHints":{"allow":["GET"]}}],"collection":[{"href":"https:\/\/linitiative.ca\/International\/wp-json\/wp\/v2\/posts"}],"about":[{"href":"https:\/\/linitiative.ca\/International\/wp-json\/wp\/v2\/types\/post"}],"author":[{"embeddable":true,"href":"https:\/\/linitiative.ca\/International\/wp-json\/wp\/v2\/users\/1775"}],"replies":[{"embeddable":true,"href":"https:\/\/linitiative.ca\/International\/wp-json\/wp\/v2\/comments?post=114805"}],"version-history":[{"count":0,"href":"https:\/\/linitiative.ca\/International\/wp-json\/wp\/v2\/posts\/114805\/revisions"}],"wp:attachment":[{"href":"https:\/\/linitiative.ca\/International\/wp-json\/wp\/v2\/media?parent=114805"}],"wp:term":[{"taxonomy":"category","embeddable":true,"href":"https:\/\/linitiative.ca\/International\/wp-json\/wp\/v2\/categories?post=114805"},{"taxonomy":"post_tag","embeddable":true,"href":"https:\/\/linitiative.ca\/International\/wp-json\/wp\/v2\/tags?post=114805"}],"curies":[{"name":"wp","href":"https:\/\/api.w.org\/{rel}","templated":true}]}}