{"id":114806,"date":"2021-04-13T08:26:36","date_gmt":"2021-04-13T12:26:36","guid":{"rendered":"https:\/\/linitiative.ca\/International\/pelerinage-de-la-ghriba-annulation-des-festivites\/"},"modified":"2021-04-13T08:26:36","modified_gmt":"2021-04-13T12:26:36","slug":"pelerinage-de-la-ghriba-annulation-des-festivites","status":"publish","type":"post","link":"https:\/\/linitiative.ca\/International\/pelerinage-de-la-ghriba-annulation-des-festivites\/","title":{"rendered":"P\u00e8lerinage de la Ghriba : annulation des festivit\u00e9s"},"content":{"rendered":"<section class=\"entry-content clearfix\">Le Comit\u00e9 d\u2019organisation du p\u00e8lerinage de la Ghriba \u00e0 Djerba a annonc\u00e9, mardi 13 avril 2021 par voie de communiqu\u00e9, l\u2019annulation des festivit\u00e9s.<\/p>\n<p>Selon la m\u00eame source, les rites religieux seront, toutefois, observ\u00e9s et les visites \u00e0 la synagogue de la Ghriba maintenues, \u00e0 la date pr\u00e9vue du 25 avril au 2 mai, conform\u00e9ment au d\u00e9compte de l\u2019omer.<\/p>\n<p>Ce p\u00e8lerinage est, rappelons-le, effectu\u00e9 chaque ann\u00e9e \u00e0 l\u2019occasion de Lag Baomer, une f\u00eate d\u2019institution rabbinique qui met fin aux coutumes de deuil et marque la fin d\u2019une myst\u00e9rieuse \u00e9pid\u00e9mie qui frappa les disciples de l\u2019un des fondateurs du juda\u00efsme. Elle est, g\u00e9n\u00e9ralement, c\u00e9l\u00e9br\u00e9e en grande pompe par des chants, de la danse et des feux de joie.<br \/>La d\u00e9cision du Comit\u00e9 d\u2019organisation du p\u00e8lerinage de la Ghriba vient en effet r\u00e9pondre aux nouvelles mesures anti-Covid annonc\u00e9es mercredi dernier par le Comit\u00e9 scientifique de lutte contre le Coronavirus.<\/p>\n<\/section>\n<div class=\"wp-post-author-wrap wp-post-author-shortcode left\">\n<h3 class=\"awpa-title\"\/>\n<div class=\"wp-post-author\">\n<div class=\"awpa-img awpa-author-block square\"><a href=\"http:\/\/lexpertjournal.net\/fr\/?author=5\"><img loading=\"lazy\" decoding=\"async\" alt=\"\" src=\"http:\/\/0.gravatar.com\/avatar\/97f8e10a1c1125ba104a76514ee07b16?s=150&amp;d=mm&amp;r=g\" srcset=\"http:\/\/0.gravatar.com\/avatar\/97f8e10a1c1125ba104a76514ee07b16?s=300&amp;d=mm&amp;r=g 2x\" class=\"avatar avatar-150 photo\" height=\"150\" width=\"150\"\/><\/a><\/div>\n<\/div>\n<\/div>\n<aside class=\"mashsb-container mashsb-main mashsb-stretched\">\n<\/aside>\n<p>Auteur: L&rsquo;expert<br \/>\n<a href=\"http:\/\/lexpertjournal.net\/fr\/?p=19604\">Cliquez ici pour lire l&rsquo;article depuis sa source.<\/a><\/p>\n","protected":false},"excerpt":{"rendered":"<p>Le Comit\u00e9 d\u2019organisation du p\u00e8lerinage de la Ghriba \u00e0 Djerba a annonc\u00e9, mardi 13 avril 2021 par voie de communiqu\u00e9, l\u2019annulation des festivit\u00e9s. Selon la m\u00eame source, les rites religieux seront, toutefois, observ\u00e9s et les visites \u00e0 la synagogue de la Ghriba maintenues, \u00e0 la date pr\u00e9vue du 25 avril au 2 mai, conform\u00e9ment au [&hellip;]<\/p>\n","protected":false},"author":1775,"featured_media":0,"comment_status":"closed","ping_status":"closed","sticky":false,"template":"","format":"standard","meta":{"fifu_image_url":"http:\/\/0.gravatar.com\/avatar\/97f8e10a1c1125ba104a76514ee07b16?s=150&d=mm&r=g","fifu_image_alt":"P\u00e8lerinage de la Ghriba : annulation des festivit\u00e9s","footnotes":""},"categories":[78,55],"tags":[],"class_list":["post-114806","post","type-post","status-publish","format-standard","hentry","category-economie","category-tunisie"],"_links":{"self":[{"href":"https:\/\/linitiative.ca\/International\/wp-json\/wp\/v2\/posts\/114806","targetHints":{"allow":["GET"]}}],"collection":[{"href":"https:\/\/linitiative.ca\/International\/wp-json\/wp\/v2\/posts"}],"about":[{"href":"https:\/\/linitiative.ca\/International\/wp-json\/wp\/v2\/types\/post"}],"author":[{"embeddable":true,"href":"https:\/\/linitiative.ca\/International\/wp-json\/wp\/v2\/users\/1775"}],"replies":[{"embeddable":true,"href":"https:\/\/linitiative.ca\/International\/wp-json\/wp\/v2\/comments?post=114806"}],"version-history":[{"count":0,"href":"https:\/\/linitiative.ca\/International\/wp-json\/wp\/v2\/posts\/114806\/revisions"}],"wp:attachment":[{"href":"https:\/\/linitiative.ca\/International\/wp-json\/wp\/v2\/media?parent=114806"}],"wp:term":[{"taxonomy":"category","embeddable":true,"href":"https:\/\/linitiative.ca\/International\/wp-json\/wp\/v2\/categories?post=114806"},{"taxonomy":"post_tag","embeddable":true,"href":"https:\/\/linitiative.ca\/International\/wp-json\/wp\/v2\/tags?post=114806"}],"curies":[{"name":"wp","href":"https:\/\/api.w.org\/{rel}","templated":true}]}}