{"id":114807,"date":"2021-04-13T08:28:50","date_gmt":"2021-04-13T12:28:50","guid":{"rendered":"https:\/\/linitiative.ca\/International\/lugtt-decide-de-reporter-toutes-les-activites-syndicales-dans-le-cadre-de-la-prevention-contre-le-coronavirus\/"},"modified":"2021-04-13T08:28:50","modified_gmt":"2021-04-13T12:28:50","slug":"lugtt-decide-de-reporter-toutes-les-activites-syndicales-dans-le-cadre-de-la-prevention-contre-le-coronavirus","status":"publish","type":"post","link":"https:\/\/linitiative.ca\/International\/lugtt-decide-de-reporter-toutes-les-activites-syndicales-dans-le-cadre-de-la-prevention-contre-le-coronavirus\/","title":{"rendered":"L\u2019UGTT d\u00e9cide de reporter toutes les activit\u00e9s syndicales dans le cadre de la pr\u00e9vention contre le coronavirus"},"content":{"rendered":"<section class=\"entry-content clearfix\">L\u2019Union g\u00e9n\u00e9rale tunisienne du travail (UGTT) a annonc\u00e9 le report de toutes les activit\u00e9s syndicales (r\u00e9unions publiques, conf\u00e9rences, s\u00e9minaires, conseils r\u00e9gionaux et commissions administratives) \u00e0 une date ult\u00e9rieure dans le cadre de la pr\u00e9vention contre le coronavirus et pour limiter sa propagation.<\/p>\n<p>Dans une note adress\u00e9e \u00e0 toutes les structures syndicales, l\u2019UGTT a indiqu\u00e9 que cette d\u00e9cision qui \u00e9mane du Bureau ex\u00e9cutif de l\u2019organisation syndicale qui s\u2019est r\u00e9uni, hier lundi, a \u00e9t\u00e9 prise compte tenu de la situation sanitaire exceptionnelle que traverse le pays et de l\u2019augmentation du nombre de contaminations.<\/p>\n<p>Le dernier bilan du minist\u00e8re de la sant\u00e9 publi\u00e9 le 11 avril 2020, fait \u00e9tat de 39 d\u00e9c\u00e8s suppl\u00e9mentaires li\u00e9s au coronavirus portant \u00e0 9332 le nombre total de morts depuis le d\u00e9but de la pand\u00e9mie dans le pays en mars 2020 ainsi que de 1079 nouvelles contaminations.<\/p>\n<\/section>\n<div class=\"wp-post-author-wrap wp-post-author-shortcode left\">\n<h3 class=\"awpa-title\"\/>\n<div class=\"wp-post-author\">\n<div class=\"awpa-img awpa-author-block square\"><a href=\"http:\/\/lexpertjournal.net\/fr\/?author=5\"><img loading=\"lazy\" decoding=\"async\" alt=\"\" src=\"http:\/\/0.gravatar.com\/avatar\/97f8e10a1c1125ba104a76514ee07b16?s=150&amp;d=mm&amp;r=g\" srcset=\"http:\/\/0.gravatar.com\/avatar\/97f8e10a1c1125ba104a76514ee07b16?s=300&amp;d=mm&amp;r=g 2x\" class=\"avatar avatar-150 photo\" height=\"150\" width=\"150\"\/><\/a><\/div>\n<\/div>\n<\/div>\n<aside class=\"mashsb-container mashsb-main mashsb-stretched\">\n<\/aside>\n<p>Auteur: L&rsquo;expert<br \/>\n<a href=\"http:\/\/lexpertjournal.net\/fr\/?p=19607\">Cliquez ici pour lire l&rsquo;article depuis sa source.<\/a><\/p>\n","protected":false},"excerpt":{"rendered":"<p>L\u2019Union g\u00e9n\u00e9rale tunisienne du travail (UGTT) a annonc\u00e9 le report de toutes les activit\u00e9s syndicales (r\u00e9unions publiques, conf\u00e9rences, s\u00e9minaires, conseils r\u00e9gionaux et commissions administratives) \u00e0 une date ult\u00e9rieure dans le cadre de la pr\u00e9vention contre le coronavirus et pour limiter sa propagation. Dans une note adress\u00e9e \u00e0 toutes les structures syndicales, l\u2019UGTT a indiqu\u00e9 que [&hellip;]<\/p>\n","protected":false},"author":1775,"featured_media":0,"comment_status":"closed","ping_status":"closed","sticky":false,"template":"","format":"standard","meta":{"fifu_image_url":"http:\/\/0.gravatar.com\/avatar\/97f8e10a1c1125ba104a76514ee07b16?s=150&d=mm&r=g","fifu_image_alt":"L\u2019UGTT d\u00e9cide de reporter toutes les activit\u00e9s syndicales dans le cadre de la pr\u00e9vention contre le coronavirus","footnotes":""},"categories":[78,55],"tags":[],"class_list":["post-114807","post","type-post","status-publish","format-standard","hentry","category-economie","category-tunisie"],"_links":{"self":[{"href":"https:\/\/linitiative.ca\/International\/wp-json\/wp\/v2\/posts\/114807","targetHints":{"allow":["GET"]}}],"collection":[{"href":"https:\/\/linitiative.ca\/International\/wp-json\/wp\/v2\/posts"}],"about":[{"href":"https:\/\/linitiative.ca\/International\/wp-json\/wp\/v2\/types\/post"}],"author":[{"embeddable":true,"href":"https:\/\/linitiative.ca\/International\/wp-json\/wp\/v2\/users\/1775"}],"replies":[{"embeddable":true,"href":"https:\/\/linitiative.ca\/International\/wp-json\/wp\/v2\/comments?post=114807"}],"version-history":[{"count":0,"href":"https:\/\/linitiative.ca\/International\/wp-json\/wp\/v2\/posts\/114807\/revisions"}],"wp:attachment":[{"href":"https:\/\/linitiative.ca\/International\/wp-json\/wp\/v2\/media?parent=114807"}],"wp:term":[{"taxonomy":"category","embeddable":true,"href":"https:\/\/linitiative.ca\/International\/wp-json\/wp\/v2\/categories?post=114807"},{"taxonomy":"post_tag","embeddable":true,"href":"https:\/\/linitiative.ca\/International\/wp-json\/wp\/v2\/tags?post=114807"}],"curies":[{"name":"wp","href":"https:\/\/api.w.org\/{rel}","templated":true}]}}