{"id":114809,"date":"2021-04-13T10:25:00","date_gmt":"2021-04-13T14:25:00","guid":{"rendered":"https:\/\/linitiative.ca\/International\/le-chef-de-la-coordination-des-mouvements-de-lazawad-assassine-a-bamako\/"},"modified":"2021-04-13T10:25:00","modified_gmt":"2021-04-13T14:25:00","slug":"le-chef-de-la-coordination-des-mouvements-de-lazawad-assassine-a-bamako","status":"publish","type":"post","link":"https:\/\/linitiative.ca\/International\/le-chef-de-la-coordination-des-mouvements-de-lazawad-assassine-a-bamako\/","title":{"rendered":"Le chef de la Coordination des mouvements de l&rsquo;Azawad assassin\u00e9 \u00e0 Bamako"},"content":{"rendered":"<div id=\"originalText\" readability=\"69\">\n<p>Le pr\u00e9sident en exercice de la Coordination des mouvements de l&rsquo;Azawad (CMA), a \u00e9t\u00e9 assassin\u00e9 par balles, mardi matin, \u00e0\u00a0 Bamako, pour des raisons encore inconnues, a annonc\u00e9 l\u2019AFP. \u00a0<\/p>\n<p>Sidi Brahim Ould Sidati, \u00e2g\u00e9 d&rsquo;une soixantaine d&rsquo;ann\u00e9es, \u00e9tait un des principaux chefs des ex-rebelles du nord du Mali.<\/p>\n<p>Son assassinat a \u00e9t\u00e9 annonc\u00e9 sur les r\u00e9seaux sociaux par Almou Ag Mohamed, porte-parole de la CMA, alliance compos\u00e9e essentiellement d&rsquo;anciens groupes arm\u00e9s ind\u00e9pendantistes touareg et nationalistes arabes qui ont combattu\u00a0 les forces maliennes dans le Nord \u00e0 partir de 2012, avant de signer un accord de\u00a0 paix en 2015.<\/p>\n<p>A rappeler que Sidi Brahim Ould Sidati avait sign\u00e9 au nom de la CMA cet accord avec le gouvernement malien et une coalition de groupes\u00a0 arm\u00e9s alli\u00e9e \u00e0 ce gouvernement, la Plateforme, pour restaurer la paix.<\/p>\n<p>Le Premier ministre de transition, Moctar Ouane, a indiqu\u00e9 sur les r\u00e9seaux\u00a0 sociaux que le crime avait \u00e9t\u00e9 perp\u00e9tr\u00e9 par \u00ab\u00a0deux individus arm\u00e9s non identifi\u00e9s\u00a0\u00bb. Il a exprim\u00e9 sa \u00ab\u00a0stupeur\u00a0\u00bb devant un \u00ab\u00a0acte abominable\u00a0\u00bb perp\u00e9tr\u00e9\u00a0 alors qu&rsquo;il devait le recevoir le jour m\u00eame pour des discussions sur les r\u00e9formes \u00e0 conduire.<\/p>\n<p>Un des neveux de la CMA a indiqu\u00e9 \u00e0 l\u2019AFP\u00a0 que son oncle \u00a0\u00bb a \u00e9t\u00e9 victime ce matin d&rsquo;un assassinat \u00e0 son domicile. On a tir\u00e9\u00a0 sur lui. On l&rsquo;a amen\u00e9 dans une clinique, mais il n&rsquo;a pas surv\u00e9cu\u00a0\u00bb.<\/p>\n<p class=\"c6\"><strong>R\u00e9daction Web \/ AFP<\/strong><\/p>\n<\/div>\n<div id=\"text_core\" readability=\"69\">\n<p>Le pr\u00e9sident en exercice de la Coordination des mouvements de l&rsquo;Azawad (CMA), a \u00e9t\u00e9 assassin\u00e9 par balles, mardi matin, \u00e0\u00a0 Bamako, pour des raisons encore inconnues, a annonc\u00e9 l\u2019AFP. \u00a0<\/p>\n<p>Sidi Brahim Ould Sidati, \u00e2g\u00e9 d&rsquo;une soixantaine d&rsquo;ann\u00e9es, \u00e9tait un des principaux chefs des ex-rebelles du nord du Mali.<\/p>\n<p>Son assassinat a \u00e9t\u00e9 annonc\u00e9 sur les r\u00e9seaux sociaux par Almou Ag Mohamed, porte-parole de la CMA, alliance compos\u00e9e essentiellement d&rsquo;anciens groupes arm\u00e9s ind\u00e9pendantistes touareg et nationalistes arabes qui ont combattu\u00a0 les forces maliennes dans le Nord \u00e0 partir de 2012, avant de signer un accord de\u00a0 paix en 2015.<\/p>\n<p>A rappeler que Sidi Brahim Ould Sidati avait sign\u00e9 au nom de la CMA cet accord avec le gouvernement malien et une coalition de groupes\u00a0 arm\u00e9s alli\u00e9e \u00e0 ce gouvernement, la Plateforme, pour restaurer la paix.<\/p>\n<p>Le Premier ministre de transition, Moctar Ouane, a indiqu\u00e9 sur les r\u00e9seaux\u00a0 sociaux que le crime avait \u00e9t\u00e9 perp\u00e9tr\u00e9 par \u00ab\u00a0deux individus arm\u00e9s non identifi\u00e9s\u00a0\u00bb. Il a exprim\u00e9 sa \u00ab\u00a0stupeur\u00a0\u00bb devant un \u00ab\u00a0acte abominable\u00a0\u00bb perp\u00e9tr\u00e9\u00a0 alors qu&rsquo;il devait le recevoir le jour m\u00eame pour des discussions sur les r\u00e9formes \u00e0 conduire.<\/p>\n<p>Un des neveux de la CMA a indiqu\u00e9 \u00e0 l\u2019AFP\u00a0 que son oncle \u00a0\u00bb a \u00e9t\u00e9 victime ce matin d&rsquo;un assassinat \u00e0 son domicile. On a tir\u00e9\u00a0 sur lui. On l&rsquo;a amen\u00e9 dans une clinique, mais il n&rsquo;a pas surv\u00e9cu\u00a0\u00bb.<\/p>\n<p class=\"c6\"><strong>R\u00e9daction Web \/ AFP<\/strong><\/p>\n<\/div>\n<p>Auteur:<br \/>\n<a href=\"https:\/\/www.liberte-algerie.com\/actualite\/le-chef-de-la-coordination-des-mouvements-de-lazawad-assassine-a-bamako-357168\">Cliquez ici pour lire l&rsquo;article depuis sa source.<\/a><\/p>\n","protected":false},"excerpt":{"rendered":"<p>Le pr\u00e9sident en exercice de la Coordination des mouvements de l&rsquo;Azawad (CMA), a \u00e9t\u00e9 assassin\u00e9 par balles, mardi matin, \u00e0\u00a0 Bamako, pour des raisons encore inconnues, a annonc\u00e9 l\u2019AFP. \u00a0 Sidi Brahim Ould Sidati, \u00e2g\u00e9 d&rsquo;une soixantaine d&rsquo;ann\u00e9es, \u00e9tait un des principaux chefs des ex-rebelles du nord du Mali. Son assassinat a \u00e9t\u00e9 annonc\u00e9 sur [&hellip;]<\/p>\n","protected":false},"author":1742,"featured_media":0,"comment_status":"closed","ping_status":"closed","sticky":false,"template":"","format":"standard","meta":{"fifu_image_url":"","fifu_image_alt":"","footnotes":""},"categories":[73,53],"tags":[],"class_list":["post-114809","post","type-post","status-publish","format-standard","hentry","category-actualite","category-algerie"],"_links":{"self":[{"href":"https:\/\/linitiative.ca\/International\/wp-json\/wp\/v2\/posts\/114809","targetHints":{"allow":["GET"]}}],"collection":[{"href":"https:\/\/linitiative.ca\/International\/wp-json\/wp\/v2\/posts"}],"about":[{"href":"https:\/\/linitiative.ca\/International\/wp-json\/wp\/v2\/types\/post"}],"author":[{"embeddable":true,"href":"https:\/\/linitiative.ca\/International\/wp-json\/wp\/v2\/users\/1742"}],"replies":[{"embeddable":true,"href":"https:\/\/linitiative.ca\/International\/wp-json\/wp\/v2\/comments?post=114809"}],"version-history":[{"count":0,"href":"https:\/\/linitiative.ca\/International\/wp-json\/wp\/v2\/posts\/114809\/revisions"}],"wp:attachment":[{"href":"https:\/\/linitiative.ca\/International\/wp-json\/wp\/v2\/media?parent=114809"}],"wp:term":[{"taxonomy":"category","embeddable":true,"href":"https:\/\/linitiative.ca\/International\/wp-json\/wp\/v2\/categories?post=114809"},{"taxonomy":"post_tag","embeddable":true,"href":"https:\/\/linitiative.ca\/International\/wp-json\/wp\/v2\/tags?post=114809"}],"curies":[{"name":"wp","href":"https:\/\/api.w.org\/{rel}","templated":true}]}}