{"id":114813,"date":"2021-04-13T11:29:00","date_gmt":"2021-04-13T15:29:00","guid":{"rendered":"https:\/\/linitiative.ca\/International\/les-precisions-de-lambassade-de-france-en-algerie\/"},"modified":"2021-04-13T11:29:00","modified_gmt":"2021-04-13T15:29:00","slug":"les-precisions-de-lambassade-de-france-en-algerie","status":"publish","type":"post","link":"https:\/\/linitiative.ca\/International\/les-precisions-de-lambassade-de-france-en-algerie\/","title":{"rendered":"Les pr\u00e9cisions de l\u2019Ambassade de France en Alg\u00e9rie"},"content":{"rendered":"<div id=\"originalText\" readability=\"48\">\n<p>L\u2019Ambassade de France en Alg\u00e9rie a indiqu\u00e9, ce mardi, que \u00ab\u00a0les \u00e9changes qu\u2019il m\u00e8ne avec l\u2019ensemble des acteurs du spectre politique alg\u00e9rien ont pour objectif le renforcement des relations bilat\u00e9rales\u00a0\u00bb entre les deux pays, et que\u00a0l\u2019Ambassadeur Fran\u00e7ois Gouyette \u00ab\u00a0conduit sa mission dans le plein respect de la souverainet\u00e9 de l\u2019Alg\u00e9rie\u00bb.<\/p>\n<p>R\u00e9agissant ainsi \u00e0 un article publi\u00e9 dans l\u2019\u00e9dition du journal Libert\u00e9 du 8 avril 2021, intitul\u00e9 \u00ab Ce qui attend Jean Castex \u00e0 Alger \u00bb, l\u2019Ambassade de France, qui d\u00e9ment \u00ab\u00a0formellement les all\u00e9gations\u00a0contenues dans l\u2019article\u00bb, pr\u00e9cise que Fran\u00e7ois Gouyette n\u2019 \u00abintervient pas dans la vie politique alg\u00e9rienne, ni n\u2019incite quelque parti que ce soit \u00e0 adopter une quelconque position vis-\u00e0-vis des scrutins alg\u00e9riens\u00a0\u00bb.<\/p>\n<p class=\"c6\"><strong>R.N<\/strong><\/p>\n<\/div>\n<div id=\"text_core\" readability=\"48\">\n<p>L\u2019Ambassade de France en Alg\u00e9rie a indiqu\u00e9, ce mardi, que \u00ab\u00a0les \u00e9changes qu\u2019il m\u00e8ne avec l\u2019ensemble des acteurs du spectre politique alg\u00e9rien ont pour objectif le renforcement des relations bilat\u00e9rales\u00a0\u00bb entre les deux pays, et que\u00a0l\u2019Ambassadeur Fran\u00e7ois Gouyette \u00ab\u00a0conduit sa mission dans le plein respect de la souverainet\u00e9 de l\u2019Alg\u00e9rie\u00bb.<\/p>\n<p>R\u00e9agissant ainsi \u00e0 un article publi\u00e9 dans l\u2019\u00e9dition du journal Libert\u00e9 du 8 avril 2021, intitul\u00e9 \u00ab Ce qui attend Jean Castex \u00e0 Alger \u00bb, l\u2019Ambassade de France, qui d\u00e9ment \u00ab\u00a0formellement les all\u00e9gations\u00a0contenues dans l\u2019article\u00bb, pr\u00e9cise que Fran\u00e7ois Gouyette n\u2019 \u00abintervient pas dans la vie politique alg\u00e9rienne, ni n\u2019incite quelque parti que ce soit \u00e0 adopter une quelconque position vis-\u00e0-vis des scrutins alg\u00e9riens\u00a0\u00bb.<\/p>\n<p class=\"c6\"><strong>R.N<\/strong><\/p>\n<\/div>\n<p>Auteur:<br \/>\n<a href=\"https:\/\/www.liberte-algerie.com\/actualite\/les-precisions-de-lambassade-de-france-en-algerie-357172\">Cliquez ici pour lire l&rsquo;article depuis sa source.<\/a><\/p>\n","protected":false},"excerpt":{"rendered":"<p>L\u2019Ambassade de France en Alg\u00e9rie a indiqu\u00e9, ce mardi, que \u00ab\u00a0les \u00e9changes qu\u2019il m\u00e8ne avec l\u2019ensemble des acteurs du spectre politique alg\u00e9rien ont pour objectif le renforcement des relations bilat\u00e9rales\u00a0\u00bb entre les deux pays, et que\u00a0l\u2019Ambassadeur Fran\u00e7ois Gouyette \u00ab\u00a0conduit sa mission dans le plein respect de la souverainet\u00e9 de l\u2019Alg\u00e9rie\u00bb. R\u00e9agissant ainsi \u00e0 un article [&hellip;]<\/p>\n","protected":false},"author":1742,"featured_media":0,"comment_status":"closed","ping_status":"closed","sticky":false,"template":"","format":"standard","meta":{"fifu_image_url":"","fifu_image_alt":"","footnotes":""},"categories":[73,53],"tags":[],"class_list":["post-114813","post","type-post","status-publish","format-standard","hentry","category-actualite","category-algerie"],"_links":{"self":[{"href":"https:\/\/linitiative.ca\/International\/wp-json\/wp\/v2\/posts\/114813","targetHints":{"allow":["GET"]}}],"collection":[{"href":"https:\/\/linitiative.ca\/International\/wp-json\/wp\/v2\/posts"}],"about":[{"href":"https:\/\/linitiative.ca\/International\/wp-json\/wp\/v2\/types\/post"}],"author":[{"embeddable":true,"href":"https:\/\/linitiative.ca\/International\/wp-json\/wp\/v2\/users\/1742"}],"replies":[{"embeddable":true,"href":"https:\/\/linitiative.ca\/International\/wp-json\/wp\/v2\/comments?post=114813"}],"version-history":[{"count":0,"href":"https:\/\/linitiative.ca\/International\/wp-json\/wp\/v2\/posts\/114813\/revisions"}],"wp:attachment":[{"href":"https:\/\/linitiative.ca\/International\/wp-json\/wp\/v2\/media?parent=114813"}],"wp:term":[{"taxonomy":"category","embeddable":true,"href":"https:\/\/linitiative.ca\/International\/wp-json\/wp\/v2\/categories?post=114813"},{"taxonomy":"post_tag","embeddable":true,"href":"https:\/\/linitiative.ca\/International\/wp-json\/wp\/v2\/tags?post=114813"}],"curies":[{"name":"wp","href":"https:\/\/api.w.org\/{rel}","templated":true}]}}