{"id":114815,"date":"2021-04-12T18:02:58","date_gmt":"2021-04-12T22:02:58","guid":{"rendered":"https:\/\/linitiative.ca\/International\/mercredi-1er-jour-du-mois-de-ramadan-au-maroc\/"},"modified":"2021-04-12T18:02:58","modified_gmt":"2021-04-12T22:02:58","slug":"mercredi-1er-jour-du-mois-de-ramadan-au-maroc","status":"publish","type":"post","link":"https:\/\/linitiative.ca\/International\/mercredi-1er-jour-du-mois-de-ramadan-au-maroc\/","title":{"rendered":"Mercredi, 1er jour du mois de Ramadan au Maroc"},"content":{"rendered":"<div class=\"single-featured\"><img alt=\"\" data-src=\"http:\/\/www.mapmarrakech.ma\/map\/uploads\/2021\/04\/ramadan-Fr.jpg\"\/><\/div>\n<div class=\"single-post-excerpt post-excerpt-bc\" readability=\"34\">\n<p>Le mois sacr\u00e9 de Ramadan de l\u2019ann\u00e9e 1442 de l\u2019H\u00e9gire d\u00e9butera mercredi au Maroc, annonce le minist\u00e8re des Habous et des Affaires islamiques.<\/p>\n<\/div>\n<div class=\"entry-content clearfix single-post-content\" readability=\"57\">\n<p>Dans un communiqu\u00e9, le minist\u00e8re indique avoir observ\u00e9 le croissant lunaire du mois b\u00e9ni de Ramadan ce lundi 29 Cha\u00e2bane 1442 de l\u2019H\u00e9gire, correspondant au 12 avril 2021 apr\u00e8s la pri\u00e8re d\u2019Al-Maghrib, pr\u00e9cisant que \u00ab\u00a0tous les d\u00e9l\u00e9gu\u00e9s du minist\u00e8re dans le Royaume et les Unit\u00e9s des Forces arm\u00e9es royales associ\u00e9es \u00e0 l\u2019observation ont confirm\u00e9 la non-observation du croissant lunaire annon\u00e7ant le mois sacr\u00e9 de Ramadan\u00a0\u00bb.<\/p>\n<p>De ce fait, le mois de Cha\u00e2bane aura \u00e9puis\u00e9 ses 30 jours et le premier jour du mois sacr\u00e9 du Ramadan 1442 de l\u2019H\u00e9gire correspondra au mercredi 14 avril 2021, ajoute le minist\u00e8re.<\/p>\n<p>\u00ab\u00a0Puisse Dieu, en ce mois b\u00e9ni, combler de Ses faveurs SM le Roi Mohammed VI, Amir Al-Mouminine, que Dieu L\u2019assiste, et de renouveler pareille occasion pour SAR le Prince H\u00e9ritier Moulay El Hassan et l\u2019ensemble des membres de l\u2019Illustre Famille Royale dans les bienfaits et le bien-\u00eatre, et pour le peuple marocain et l\u2019ensemble de la Oumma islamique dans le progr\u00e8s, la prosp\u00e9rit\u00e9, la s\u00e9curit\u00e9 et la qui\u00e9tude\u00a0\u00bb, conclut le minist\u00e8re.<\/p>\n<\/div>\n<p>Auteur: Meriem IGASS<br \/>\n<a href=\"http:\/\/www.mapmarrakech.ma\/fr\/mercredi-1er-jour-du-mois-de-ramadan-au-maroc\/\">Cliquez ici pour lire l&rsquo;article depuis sa source.<\/a><\/p>\n","protected":false},"excerpt":{"rendered":"<p>Le mois sacr\u00e9 de Ramadan de l\u2019ann\u00e9e 1442 de l\u2019H\u00e9gire d\u00e9butera mercredi au Maroc, annonce le minist\u00e8re des Habous et des Affaires islamiques. Dans un communiqu\u00e9, le minist\u00e8re indique avoir observ\u00e9 le croissant lunaire du mois b\u00e9ni de Ramadan ce lundi 29 Cha\u00e2bane 1442 de l\u2019H\u00e9gire, correspondant au 12 avril 2021 apr\u00e8s la pri\u00e8re d\u2019Al-Maghrib, [&hellip;]<\/p>\n","protected":false},"author":1788,"featured_media":0,"comment_status":"closed","ping_status":"closed","sticky":false,"template":"","format":"standard","meta":{"fifu_image_url":"http:\/\/www.mapmarrakech.ma\/map\/uploads\/2021\/04\/ramadan-Fr.jpg","fifu_image_alt":"Mercredi, 1er jour du mois de Ramadan au Maroc","footnotes":""},"categories":[54,76],"tags":[],"class_list":["post-114815","post","type-post","status-publish","format-standard","hentry","category-maroc","category-regions"],"_links":{"self":[{"href":"https:\/\/linitiative.ca\/International\/wp-json\/wp\/v2\/posts\/114815","targetHints":{"allow":["GET"]}}],"collection":[{"href":"https:\/\/linitiative.ca\/International\/wp-json\/wp\/v2\/posts"}],"about":[{"href":"https:\/\/linitiative.ca\/International\/wp-json\/wp\/v2\/types\/post"}],"author":[{"embeddable":true,"href":"https:\/\/linitiative.ca\/International\/wp-json\/wp\/v2\/users\/1788"}],"replies":[{"embeddable":true,"href":"https:\/\/linitiative.ca\/International\/wp-json\/wp\/v2\/comments?post=114815"}],"version-history":[{"count":0,"href":"https:\/\/linitiative.ca\/International\/wp-json\/wp\/v2\/posts\/114815\/revisions"}],"wp:attachment":[{"href":"https:\/\/linitiative.ca\/International\/wp-json\/wp\/v2\/media?parent=114815"}],"wp:term":[{"taxonomy":"category","embeddable":true,"href":"https:\/\/linitiative.ca\/International\/wp-json\/wp\/v2\/categories?post=114815"},{"taxonomy":"post_tag","embeddable":true,"href":"https:\/\/linitiative.ca\/International\/wp-json\/wp\/v2\/tags?post=114815"}],"curies":[{"name":"wp","href":"https:\/\/api.w.org\/{rel}","templated":true}]}}