{"id":114816,"date":"2021-04-13T08:41:27","date_gmt":"2021-04-13T12:41:27","guid":{"rendered":"https:\/\/linitiative.ca\/International\/suivi-de-letat-davancement-des-projets-dans-le-domaine-de-la-sante\/"},"modified":"2021-04-13T08:41:27","modified_gmt":"2021-04-13T12:41:27","slug":"suivi-de-letat-davancement-des-projets-dans-le-domaine-de-la-sante","status":"publish","type":"post","link":"https:\/\/linitiative.ca\/International\/suivi-de-letat-davancement-des-projets-dans-le-domaine-de-la-sante\/","title":{"rendered":"Suivi de l\u2019\u00e9tat d\u2019avancement des projets dans le domaine de la Sant\u00e9"},"content":{"rendered":"<div class=\"single-featured\"><img alt=\"\" data-src=\"http:\/\/www.mapmarrakech.ma\/map\/uploads\/2021\/04\/visite-sant\u00e9-copier.jpg\"\/><\/div>\n<div class=\"single-post-excerpt post-excerpt-bc\" readability=\"40\">\n<p>Marrakech \u2013 Les autorit\u00e9s de la wilaya de Marrakech-Safi, dans le cadre du suivi r\u00e9gulier de projets visant \u00e0 promouvoir le d\u00e9veloppement durable et \u00e0 am\u00e9liorer les conditions de vie des citoyens, ont visit\u00e9, lundi, plusieurs chantiers relatifs \u00e0 des projets dans le domaine de la sant\u00e9, en cours de r\u00e9alisation dans la cit\u00e9 ocre.<\/p>\n<\/div>\n<div class=\"entry-content clearfix single-post-content\" readability=\"62\">\n<p>A cette occasion, le wali de la r\u00e9gion Marrakech-Safi, gouverneur de la pr\u00e9fecture de Marrakech, M. Karim Kassi-Lahlou, accompagn\u00e9 notamment du pr\u00e9sident du Conseil de la r\u00e9gion Marrakech-Safi, M. Ahmed Akhchichine, et de la directrice r\u00e9gionale de la sant\u00e9 (DRS), Mme Lamia Chakiri, s\u2019est rendu \u00e0 l\u2019h\u00f4pital Chrifa \u00e0 Sidi Youssef Ben Ali.<\/p>\n<p>Ainsi, des explications ont \u00e9t\u00e9 fournies au wali et \u00e0 la d\u00e9l\u00e9gation l\u2019accompagnant sur cette structure hospitali\u00e8re en cours de r\u00e9alisation dans le cadre d\u2019un partenariat unissant le Conseil R\u00e9gional Marrakech-Safi, la Fondation Qatarie Jassim et Hamad Bin Jassim de Bienfaisance et le minist\u00e8re de la Sant\u00e9, dont les travaux de r\u00e9alisation devront prendre fin au cours des trois prochains mois.<\/p>\n<p>Ensuite, M. Kassi-Lahlou s\u2019est rendu au chantier de construction de l\u2019h\u00f4pital de proximit\u00e9 multidisciplinaire de M\u2019Hamid, le temps de prendre connaissance des multiples travaux en cours et qui connaissent un taux d\u2019ex\u00e9cution tr\u00e8s avanc\u00e9.<\/p>\n<p>Ces visites s\u2019inscrivent dans le cadre des efforts visant \u00e0 renforcer et \u00e0 diversifier l\u2019offre de sant\u00e9 au niveau de la pr\u00e9fecture de Marrakech, et de faciliter l\u2019acc\u00e8s des citoyens \u00e0 des prestations m\u00e9dicales de qualit\u00e9.<\/p>\n<\/div>\n<p>Auteur: Meriem IGASS<br \/>\n<a href=\"http:\/\/www.mapmarrakech.ma\/fr\/suivi-de-letat-davancement-des-projets-dans-le-domaine-de-la-sante\/\">Cliquez ici pour lire l&rsquo;article depuis sa source.<\/a><\/p>\n","protected":false},"excerpt":{"rendered":"<p>Marrakech \u2013 Les autorit\u00e9s de la wilaya de Marrakech-Safi, dans le cadre du suivi r\u00e9gulier de projets visant \u00e0 promouvoir le d\u00e9veloppement durable et \u00e0 am\u00e9liorer les conditions de vie des citoyens, ont visit\u00e9, lundi, plusieurs chantiers relatifs \u00e0 des projets dans le domaine de la sant\u00e9, en cours de r\u00e9alisation dans la cit\u00e9 ocre. [&hellip;]<\/p>\n","protected":false},"author":1788,"featured_media":0,"comment_status":"closed","ping_status":"closed","sticky":false,"template":"","format":"standard","meta":{"fifu_image_url":"http:\/\/www.mapmarrakech.ma\/map\/uploads\/2021\/04\/visite-sant\u00e9-copier.jpg","fifu_image_alt":"Suivi de l\u2019\u00e9tat d\u2019avancement des projets dans le domaine de la Sant\u00e9","footnotes":""},"categories":[54,76],"tags":[],"class_list":["post-114816","post","type-post","status-publish","format-standard","hentry","category-maroc","category-regions"],"_links":{"self":[{"href":"https:\/\/linitiative.ca\/International\/wp-json\/wp\/v2\/posts\/114816","targetHints":{"allow":["GET"]}}],"collection":[{"href":"https:\/\/linitiative.ca\/International\/wp-json\/wp\/v2\/posts"}],"about":[{"href":"https:\/\/linitiative.ca\/International\/wp-json\/wp\/v2\/types\/post"}],"author":[{"embeddable":true,"href":"https:\/\/linitiative.ca\/International\/wp-json\/wp\/v2\/users\/1788"}],"replies":[{"embeddable":true,"href":"https:\/\/linitiative.ca\/International\/wp-json\/wp\/v2\/comments?post=114816"}],"version-history":[{"count":0,"href":"https:\/\/linitiative.ca\/International\/wp-json\/wp\/v2\/posts\/114816\/revisions"}],"wp:attachment":[{"href":"https:\/\/linitiative.ca\/International\/wp-json\/wp\/v2\/media?parent=114816"}],"wp:term":[{"taxonomy":"category","embeddable":true,"href":"https:\/\/linitiative.ca\/International\/wp-json\/wp\/v2\/categories?post=114816"},{"taxonomy":"post_tag","embeddable":true,"href":"https:\/\/linitiative.ca\/International\/wp-json\/wp\/v2\/tags?post=114816"}],"curies":[{"name":"wp","href":"https:\/\/api.w.org\/{rel}","templated":true}]}}