{"id":114817,"date":"2021-04-13T09:05:05","date_gmt":"2021-04-13T13:05:05","guid":{"rendered":"https:\/\/linitiative.ca\/International\/volleyball-la-frmvb-adopte-ses-rapports-moral-et-financier\/"},"modified":"2021-04-13T09:05:05","modified_gmt":"2021-04-13T13:05:05","slug":"volleyball-la-frmvb-adopte-ses-rapports-moral-et-financier","status":"publish","type":"post","link":"https:\/\/linitiative.ca\/International\/volleyball-la-frmvb-adopte-ses-rapports-moral-et-financier\/","title":{"rendered":"Volleyball: La FRMVB adopte ses rapports moral et financier"},"content":{"rendered":"<div readability=\"38\">\n<p>Marrakech \u2013 La F\u00e9d\u00e9ration Royale Marocaine de Volleyball (FRMVB) a tenu, dimanche \u00e0 Marrakech, son Assembl\u00e9e G\u00e9n\u00e9rale Ordinaire annuelle (AGO) au titre de 2019-2020, occasion de proc\u00e9der \u00e0 l\u2019approbation des rapports moral et financier ainsi que du budget pr\u00e9visionnel pour la prochaine saison sportive.<\/p>\n<\/div>\n<div readability=\"95\">\n<p>Cette AGO, qui a connu la participation de 09 ligues sur 10, 64 club sur 78, et 130 d\u00e9l\u00e9gu\u00e9s, a \u00e9t\u00e9 l\u2019occasion de r\u00e9affirmer la confiance, dont jouit le comit\u00e9 directeur de ladite F\u00e9d\u00e9ration, sous la pr\u00e9sidence de Mme Bouchra Hajij, qui a dirig\u00e9 la FRMVB dans une conjoncture exceptionnelle li\u00e9e \u00e0 la propagation de la Covid-19, avec de grandes r\u00e9percussions sur la saison sportive pr\u00e9c\u00e9dente, a indiqu\u00e9 un communiqu\u00e9 publi\u00e9 \u00e0 l\u2019issue de cette AGO.<\/p>\n<p>\u00ab\u00a0En d\u00e9pit de cette conjoncture exceptionnelle, les manifestations de la Coupe du Tr\u00f4ne et du Championnat ont \u00e9t\u00e9 achev\u00e9es gr\u00e2ce \u00e0 l\u2019engagement des clubs et de la FRMVB\u00a0\u00bb, explique la m\u00eame source.<\/p>\n<p>\u00ab\u00a0Le bilan a \u00e9t\u00e9 positif \u00e0 tous les niveaux, \u00e9tant donn\u00e9 que les programmes arr\u00eat\u00e9s ont \u00e9t\u00e9 respect\u00e9s et la s\u00e9lection nationale Junior s\u2019est qualifi\u00e9e pour le Championnat du monde et s\u2019est class\u00e9e 10\u00e8 au niveau mondial\u00a0\u00bb, souligne la m\u00eame source.<\/p>\n<p>Cette AGO a \u00e9t\u00e9 aussi l\u2019occasion pour les participants d\u2019approuver plusieurs autres points inscrits \u00e0 l\u2019ordre du jour de cette r\u00e9union.<\/p>\n<p>Il s\u2019agit d\u2019accorder une grande importance \u00e0 la formation et \u00e0 la formation continue de toutes les jeunes cat\u00e9gories et les championnats des ligues et de mettre en \u0153uvre les textes l\u00e9gislatifs relatifs au transfert des joueurs entre les clubs, tout en respectant l\u2019octroi de prime de formation au profit des clubs d\u2019origine \u00e0 travers la F\u00e9d\u00e9ration, qui se charge de la mission de faciliter cette proc\u00e9dure.<\/p>\n<p>En outre, l\u2019AGO annuelle s\u2019est f\u00e9licit\u00e9e de l\u2019\u00e9lection de Mme Bouchra Hajij \u00e0 la t\u00eate de la Conf\u00e9d\u00e9ration Africaine de Volleyball (CAVB) et le transfert de son si\u00e8ge \u00e0 Rabat, \u00ab\u00a0ce qui repr\u00e9sente une cons\u00e9cration de la diplomatie parall\u00e8le et la volont\u00e9 de la F\u00e9d\u00e9ration de repr\u00e9senter le Maroc dans les instances internationales et les postes de prise de d\u00e9cision\u00a0\u00bb, lit-on dans le communiqu\u00e9.<\/p>\n<p>L\u2019AG a aussi salu\u00e9 la pr\u00e9sence de taille du Maroc au sein de la F\u00e9d\u00e9ration Internationale du Volleyball (FIVB), tout en soulignant la n\u00e9cessit\u00e9 d\u2019\u0153uvrer en vue de tirer profit du mandat de Mme Hajij pour promouvoir le niveau technique des clubs, des s\u00e9lections, ainsi que des entraineurs.<\/p>\n<p>Lors de cette AGO, des hommages ont \u00e9t\u00e9 rendus \u00e0 plusieurs acteurs de la discipline, dont des anciens joueurs, entraineurs, encadrants, arbitres, dirigeants, cadres administratifs et formateurs et ce, en signe de reconnaissance des multiples efforts consentis pour promouvoir cette discipline et contribuer \u00e0 la r\u00e9alisation de sacres au niveau continental.<\/p>\n<\/div>\n<p>Auteur: Meriem IGASS<br \/>\n<a href=\"http:\/\/www.mapmarrakech.ma\/fr\/volleyball-la-frmvb-adopte-ses-rapports-moral-et-financier\/\">Cliquez ici pour lire l&rsquo;article depuis sa source.<\/a><\/p>\n","protected":false},"excerpt":{"rendered":"<p>Marrakech \u2013 La F\u00e9d\u00e9ration Royale Marocaine de Volleyball (FRMVB) a tenu, dimanche \u00e0 Marrakech, son Assembl\u00e9e G\u00e9n\u00e9rale Ordinaire annuelle (AGO) au titre de 2019-2020, occasion de proc\u00e9der \u00e0 l\u2019approbation des rapports moral et financier ainsi que du budget pr\u00e9visionnel pour la prochaine saison sportive. Cette AGO, qui a connu la participation de 09 ligues sur [&hellip;]<\/p>\n","protected":false},"author":1788,"featured_media":0,"comment_status":"closed","ping_status":"closed","sticky":false,"template":"","format":"standard","meta":{"fifu_image_url":"","fifu_image_alt":"","footnotes":""},"categories":[54,76],"tags":[],"class_list":["post-114817","post","type-post","status-publish","format-standard","hentry","category-maroc","category-regions"],"_links":{"self":[{"href":"https:\/\/linitiative.ca\/International\/wp-json\/wp\/v2\/posts\/114817","targetHints":{"allow":["GET"]}}],"collection":[{"href":"https:\/\/linitiative.ca\/International\/wp-json\/wp\/v2\/posts"}],"about":[{"href":"https:\/\/linitiative.ca\/International\/wp-json\/wp\/v2\/types\/post"}],"author":[{"embeddable":true,"href":"https:\/\/linitiative.ca\/International\/wp-json\/wp\/v2\/users\/1788"}],"replies":[{"embeddable":true,"href":"https:\/\/linitiative.ca\/International\/wp-json\/wp\/v2\/comments?post=114817"}],"version-history":[{"count":0,"href":"https:\/\/linitiative.ca\/International\/wp-json\/wp\/v2\/posts\/114817\/revisions"}],"wp:attachment":[{"href":"https:\/\/linitiative.ca\/International\/wp-json\/wp\/v2\/media?parent=114817"}],"wp:term":[{"taxonomy":"category","embeddable":true,"href":"https:\/\/linitiative.ca\/International\/wp-json\/wp\/v2\/categories?post=114817"},{"taxonomy":"post_tag","embeddable":true,"href":"https:\/\/linitiative.ca\/International\/wp-json\/wp\/v2\/tags?post=114817"}],"curies":[{"name":"wp","href":"https:\/\/api.w.org\/{rel}","templated":true}]}}