{"id":114818,"date":"2021-04-13T09:27:29","date_gmt":"2021-04-13T13:27:29","guid":{"rendered":"https:\/\/linitiative.ca\/International\/sm-le-roi-donne-ses-hautes-instructions-pour-le-lancement-de-loperation-de-distribution-alimentaire-ramadan-1442\/"},"modified":"2021-04-13T09:27:29","modified_gmt":"2021-04-13T13:27:29","slug":"sm-le-roi-donne-ses-hautes-instructions-pour-le-lancement-de-loperation-de-distribution-alimentaire-ramadan-1442","status":"publish","type":"post","link":"https:\/\/linitiative.ca\/International\/sm-le-roi-donne-ses-hautes-instructions-pour-le-lancement-de-loperation-de-distribution-alimentaire-ramadan-1442\/","title":{"rendered":"SM le Roi donne Ses Hautes instructions pour le lancement de l\u2019Op\u00e9ration de distribution alimentaire \u00ab\u00a0Ramadan 1442\u00a0\u00bb"},"content":{"rendered":"<div readability=\"39\">\n<p>SM le Roi Mohammed VI, que Dieu L\u2019assiste, a donn\u00e9 Ses Hautes instructions pour le lancement de la 22\u00e8me \u00e9dition de l\u2019Op\u00e9ration de distribution alimentaire \u00ab\u00a0Ramadan 1442\u00a0\u00bb, qui profitera \u00e0 trois millions de personnes (600.000 foyers au niveau national dont 459.504 issus des zones rurales), a annonc\u00e9 mardi la Fondation Mohammed V pour la Solidarit\u00e9.<\/p>\n<\/div>\n<div readability=\"94\">\n<p>\u00ab\u00a0En application des Hautes Instructions Royales, la Fondation Mohammed V pour la Solidarit\u00e9 s\u2019est mobilis\u00e9e pour la mise en \u0153uvre et le lancement du soutien alimentaire en faveur des populations vuln\u00e9rables et d\u00e9munies\u00a0\u00bb, a indiqu\u00e9 la Fondation dans un communiqu\u00e9, pr\u00e9cisant que le coup d\u2019envoi de la distribution de l\u2019aide sera donn\u00e9 le premier jour du mois sacr\u00e9.<\/p>\n<p>Initi\u00e9e depuis 1999, cette op\u00e9ration solidaire de grande envergure s\u2019est inscrite dans la continuit\u00e9 malgr\u00e9 le contexte d\u2019urgence sanitaire, souligne le communiqu\u00e9.<\/p>\n<p>En ce temps de pand\u00e9mie, la solidarit\u00e9 nationale et l\u2019entraide sont essentielles pour soulager les familles modestes fragilis\u00e9es par les incidences socio-\u00e9conomiques de la crise sanitaire, a ajout\u00e9 la m\u00eame source.<\/p>\n<p>L\u2019op\u00e9ration, organis\u00e9e avec le concours financier du minist\u00e8re de l\u2019Int\u00e9rieur (Direction G\u00e9n\u00e9rale des Collectivit\u00e9s Locales) et du minist\u00e8re des Habous et des Affaires islamiques, repose sur un soutien alimentaire compos\u00e9 de sept produits alimentaires (10 kilogrammes de farine, 5 litres d\u2019huile v\u00e9g\u00e9tale, 4 kg de sucre, 1 kg de lentilles, 1 kg de vermicelle, 850 grammes de concentr\u00e9 de tomate et 250 grammes de th\u00e9) et contribuera \u00e0 all\u00e9ger le poids des besoins alimentaires li\u00e9s au mois sacr\u00e9 du Ramadan, a fait savoir la Fondation.<\/p>\n<p>Cette 22\u00e8me \u00e9dition est en effet marqu\u00e9e par un dispositif de mise en \u0153uvre qui ob\u00e9it aux dispositions de s\u00e9curit\u00e9 \u00e9dict\u00e9es par les autorit\u00e9s locales.<\/p>\n<p>Diff\u00e9rentes mesures de pr\u00e9vention du risque sanitaire ont \u00e9t\u00e9 adopt\u00e9es au niveau des comit\u00e9s de suivi locaux afin d\u2019assurer la sant\u00e9 et la s\u00e9curit\u00e9 des populations. Il s\u2019agit notamment de la d\u00e9sinfection des centres d\u2019approvisionnement, des paniers alimentaires ainsi que des v\u00e9hicules de transport, la distanciation physique, la r\u00e9duction des effectifs humains d\u00e9di\u00e9s et la remise directe de l\u2019aide.<\/p>\n<p>Les chefs de foyer b\u00e9n\u00e9ficiaires (veuves, personnes \u00e2g\u00e9es, personnes en situation de handicap et personnes vivant en situation de pr\u00e9carit\u00e9), identifi\u00e9es par les comit\u00e9s provinciaux encadr\u00e9s par le minist\u00e8re de l\u2019Int\u00e9rieur, sont inform\u00e9s en amont par les ca\u00efdats pour la distribution des denr\u00e9es alimentaires en porte \u00e0 porte.<\/p>\n<p>A cet effet, une logistique sp\u00e9ciale sera d\u00e9ploy\u00e9e en coordination avec le minist\u00e8re de l\u2019Int\u00e9rieur afin d\u2019\u00e9viter le d\u00e9placement des b\u00e9n\u00e9ficiaires.<\/p>\n<p>Elle fera intervenir, en \u00e9quipes r\u00e9duites sur le terrain, les autorit\u00e9s locales, les directions r\u00e9gionales de l\u2019Entraide nationale, la Gendarmerie Royale ainsi que les assistantes sociales de la Direction G\u00e9n\u00e9rale des Services Sociaux.<\/p>\n<\/div>\n<p>Auteur: Meriem IGASS<br \/>\n<a href=\"http:\/\/www.mapmarrakech.ma\/fr\/sm-le-roi-donne-ses-instructions-pour-le-lancement-de-loperation-de-distribution-alimentaire-ramadan-1442-fondation-mohammed-v-pour-la-solidarite\/\">Cliquez ici pour lire l&rsquo;article depuis sa source.<\/a><\/p>\n","protected":false},"excerpt":{"rendered":"<p>SM le Roi Mohammed VI, que Dieu L\u2019assiste, a donn\u00e9 Ses Hautes instructions pour le lancement de la 22\u00e8me \u00e9dition de l\u2019Op\u00e9ration de distribution alimentaire \u00ab\u00a0Ramadan 1442\u00a0\u00bb, qui profitera \u00e0 trois millions de personnes (600.000 foyers au niveau national dont 459.504 issus des zones rurales), a annonc\u00e9 mardi la Fondation Mohammed V pour la Solidarit\u00e9. [&hellip;]<\/p>\n","protected":false},"author":1788,"featured_media":0,"comment_status":"closed","ping_status":"closed","sticky":false,"template":"","format":"standard","meta":{"fifu_image_url":"","fifu_image_alt":"","footnotes":""},"categories":[54,76],"tags":[],"class_list":["post-114818","post","type-post","status-publish","format-standard","hentry","category-maroc","category-regions"],"_links":{"self":[{"href":"https:\/\/linitiative.ca\/International\/wp-json\/wp\/v2\/posts\/114818","targetHints":{"allow":["GET"]}}],"collection":[{"href":"https:\/\/linitiative.ca\/International\/wp-json\/wp\/v2\/posts"}],"about":[{"href":"https:\/\/linitiative.ca\/International\/wp-json\/wp\/v2\/types\/post"}],"author":[{"embeddable":true,"href":"https:\/\/linitiative.ca\/International\/wp-json\/wp\/v2\/users\/1788"}],"replies":[{"embeddable":true,"href":"https:\/\/linitiative.ca\/International\/wp-json\/wp\/v2\/comments?post=114818"}],"version-history":[{"count":0,"href":"https:\/\/linitiative.ca\/International\/wp-json\/wp\/v2\/posts\/114818\/revisions"}],"wp:attachment":[{"href":"https:\/\/linitiative.ca\/International\/wp-json\/wp\/v2\/media?parent=114818"}],"wp:term":[{"taxonomy":"category","embeddable":true,"href":"https:\/\/linitiative.ca\/International\/wp-json\/wp\/v2\/categories?post=114818"},{"taxonomy":"post_tag","embeddable":true,"href":"https:\/\/linitiative.ca\/International\/wp-json\/wp\/v2\/tags?post=114818"}],"curies":[{"name":"wp","href":"https:\/\/api.w.org\/{rel}","templated":true}]}}