{"id":114819,"date":"2021-04-13T13:28:08","date_gmt":"2021-04-13T17:28:08","guid":{"rendered":"https:\/\/linitiative.ca\/International\/ramadan-changement-de-la-programmation-des-cours-diffuses-a-la-television\/"},"modified":"2021-04-13T13:28:08","modified_gmt":"2021-04-13T17:28:08","slug":"ramadan-changement-de-la-programmation-des-cours-diffuses-a-la-television","status":"publish","type":"post","link":"https:\/\/linitiative.ca\/International\/ramadan-changement-de-la-programmation-des-cours-diffuses-a-la-television\/","title":{"rendered":"Ramadan: Changement de la programmation des cours diffus\u00e9s \u00e0 la t\u00e9l\u00e9vision"},"content":{"rendered":"<div class=\"single-featured\"><img alt=\"\" data-src=\"http:\/\/www.mapoujda.ma\/map\/uploads\/2020\/03\/Enseignement-\u00e0-distance-M750\u00d7430-MAP.jpg\"\/><\/div>\n<div class=\"entry-content clearfix single-post-content\" readability=\"61\">\n<p>La grille de la programmation des cours du t\u00e9l\u00e9-enseignement diffus\u00e9s sur les cha\u00eenes de t\u00e9l\u00e9visions nationales (Arrabi\u00e2, Laayoune et Al Amazighia)\u00a0subiront un changement durant le mois sacr\u00e9 de Ramadan, a annonc\u00e9 mardi le minist\u00e8re de l\u2019\u00c9ducation nationale, de la formation professionnelle, de l\u2019enseignement sup\u00e9rieur et de la recherche scientifique.<\/p>\n<p>Au niveau de la cha\u00eene culturelle Arrabi\u00e2, une premi\u00e8re programmation concernant le cycle secondaire qualifiant avec toutes ses sections et fili\u00e8res, sera planifi\u00e9e de 10h00 \u00e0 18h00 et une deuxi\u00e8me de 21h00 \u00e0 00h00, a pr\u00e9cis\u00e9 un communiqu\u00e9 du minist\u00e8re.<\/p>\n<p>La cha\u00eene de Laayoune diffusera, quant \u00e0 elle, les cours de 10h00 \u00e0 17h00, au profit des \u00e9l\u00e8ves du primaire et du pr\u00e9scolaire ainsi que les cours en langue des signes et l\u2019\u00e9ducation sportive, tandis que la diffusion des cours d\u2019enseignement secondaire coll\u00e9gial restent sans changement sur la cha\u00eene Al Amazighia, de 08H00 \u00e0 12H30.<\/p>\n<p>Le minist\u00e8re proc\u00e9dera chaque jour \u00e0 la diffusion du programme d\u00e9taill\u00e9 pour chaque cha\u00eene et ce, via son site officiel et ses r\u00e9seaux sociaux, conclut le communiqu\u00e9.<\/p>\n<\/div>\n<p>Auteur: Soufiane ELAHMAR<br \/>\n<a href=\"http:\/\/www.mapoujda.ma\/fr\/ramadan-changement-de-la-programmation-des-cours-diffuses-a-la-television\/\">Cliquez ici pour lire l&rsquo;article depuis sa source.<\/a><\/p>\n","protected":false},"excerpt":{"rendered":"<p>La grille de la programmation des cours du t\u00e9l\u00e9-enseignement diffus\u00e9s sur les cha\u00eenes de t\u00e9l\u00e9visions nationales (Arrabi\u00e2, Laayoune et Al Amazighia)\u00a0subiront un changement durant le mois sacr\u00e9 de Ramadan, a annonc\u00e9 mardi le minist\u00e8re de l\u2019\u00c9ducation nationale, de la formation professionnelle, de l\u2019enseignement sup\u00e9rieur et de la recherche scientifique. Au niveau de la cha\u00eene culturelle [&hellip;]<\/p>\n","protected":false},"author":1788,"featured_media":0,"comment_status":"closed","ping_status":"closed","sticky":false,"template":"","format":"standard","meta":{"fifu_image_url":"http:\/\/www.mapoujda.ma\/map\/uploads\/2020\/03\/Enseignement-\u00e0-distance-M750\u00d7430-MAP.jpg","fifu_image_alt":"Ramadan: Changement de la programmation des cours diffus\u00e9s \u00e0 la t\u00e9l\u00e9vision","footnotes":""},"categories":[54,76],"tags":[],"class_list":["post-114819","post","type-post","status-publish","format-standard","hentry","category-maroc","category-regions"],"_links":{"self":[{"href":"https:\/\/linitiative.ca\/International\/wp-json\/wp\/v2\/posts\/114819","targetHints":{"allow":["GET"]}}],"collection":[{"href":"https:\/\/linitiative.ca\/International\/wp-json\/wp\/v2\/posts"}],"about":[{"href":"https:\/\/linitiative.ca\/International\/wp-json\/wp\/v2\/types\/post"}],"author":[{"embeddable":true,"href":"https:\/\/linitiative.ca\/International\/wp-json\/wp\/v2\/users\/1788"}],"replies":[{"embeddable":true,"href":"https:\/\/linitiative.ca\/International\/wp-json\/wp\/v2\/comments?post=114819"}],"version-history":[{"count":0,"href":"https:\/\/linitiative.ca\/International\/wp-json\/wp\/v2\/posts\/114819\/revisions"}],"wp:attachment":[{"href":"https:\/\/linitiative.ca\/International\/wp-json\/wp\/v2\/media?parent=114819"}],"wp:term":[{"taxonomy":"category","embeddable":true,"href":"https:\/\/linitiative.ca\/International\/wp-json\/wp\/v2\/categories?post=114819"},{"taxonomy":"post_tag","embeddable":true,"href":"https:\/\/linitiative.ca\/International\/wp-json\/wp\/v2\/tags?post=114819"}],"curies":[{"name":"wp","href":"https:\/\/api.w.org\/{rel}","templated":true}]}}