{"id":114820,"date":"2021-04-13T10:05:31","date_gmt":"2021-04-13T14:05:31","guid":{"rendered":"https:\/\/linitiative.ca\/International\/ramadan-loperation-de-distribution-alimentaire-cible-3-millions-de-personnes\/"},"modified":"2021-04-13T10:05:31","modified_gmt":"2021-04-13T14:05:31","slug":"ramadan-loperation-de-distribution-alimentaire-cible-3-millions-de-personnes","status":"publish","type":"post","link":"https:\/\/linitiative.ca\/International\/ramadan-loperation-de-distribution-alimentaire-cible-3-millions-de-personnes\/","title":{"rendered":"Ramadan: L\u2019op\u00e9ration de distribution alimentaire cible 3 millions de personnes"},"content":{"rendered":"<p class=\"rtejustify\">Le Roi Mohammed VI a donn\u00e9 ses hautes instructions pour le lancement de la 22e \u00e9dition de l&rsquo;Op\u00e9ration de distribution alimentaire \u00ab\u00a0Ramadan 1442\u00a0\u00bb. Cette ann\u00e9e, cette action sociale b\u00e9n\u00e9ficiera \u00e0 trois millions de personnes, soit 600.000 foyers, dont pr\u00e8s de 460.000 issus des zones rurales, selon la Fondation Mohammed V pour la Solidarit\u00e9.<\/p>\n<p class=\"rtejustify\">Initi\u00e9e depuis 1999, cette op\u00e9ration solidaire de grande envergure s\u2019est inscrite dans la continuit\u00e9 malgr\u00e9 le contexte d\u2019urgence sanitaire, ajoute la Fondation. Dans le d\u00e9tail, l&rsquo;op\u00e9ration, organis\u00e9e avec le concours financier de la Direction G\u00e9n\u00e9rale des Collectivit\u00e9s Locales (DGCL) et du minist\u00e8re des Habous et des Affaires islamiques, repose sur un soutien alimentaire compos\u00e9 de sept produits alimentaires. Il s\u2019agit de 10 kg de farine, 5 litres d\u2019huile v\u00e9g\u00e9tale, 4 kg de sucre, 1 kg de lentilles, 1 kg de vermicelle, 850 grammes de concentr\u00e9 de tomate et 250 grammes de th\u00e9. L\u2019objectif est contribuer \u00e0 all\u00e9ger le poids des besoins alimentaires li\u00e9s au mois sacr\u00e9 du Ramadan, souligne ladite Fondation.<\/p>\n<p class=\"rtejustify\">Les chefs de foyer b\u00e9n\u00e9ficiaires (veuves, personnes \u00e2g\u00e9es, personnes en situation de handicap et personnes vivant en situation de pr\u00e9carit\u00e9), identifi\u00e9es par les comit\u00e9s provinciaux encadr\u00e9s par le minist\u00e8re de l\u2019Int\u00e9rieur, sont inform\u00e9s en amont par les ca\u00efdats pour la distribution des denr\u00e9es alimentaires en porte \u00e0 porte, explique la Fondation. A noter qu&rsquo;une logistique sp\u00e9ciale sera d\u00e9ploy\u00e9e en coordination avec le minist\u00e8re de l\u2019Int\u00e9rieur afin d\u2019\u00e9viter le d\u00e9placement des b\u00e9n\u00e9ficiaires.<\/p>\n<p class=\"rtejustify\">\u00a0<\/p>\n<p>Auteur: mbasraoui<br \/>\n<a href=\"https:\/\/www.leconomiste.com\/flash-infos\/ramadan-l-operation-de-distribution-alimentaire-cible-3-millions-de-personnes\">Cliquez ici pour lire l&rsquo;article depuis sa source.<\/a><\/p>\n","protected":false},"excerpt":{"rendered":"<p>Le Roi Mohammed VI a donn\u00e9 ses hautes instructions pour le lancement de la 22e \u00e9dition de l&rsquo;Op\u00e9ration de distribution alimentaire \u00ab\u00a0Ramadan 1442\u00a0\u00bb. Cette ann\u00e9e, cette action sociale b\u00e9n\u00e9ficiera \u00e0 trois millions de personnes, soit 600.000 foyers, dont pr\u00e8s de 460.000 issus des zones rurales, selon la Fondation Mohammed V pour la Solidarit\u00e9. Initi\u00e9e depuis [&hellip;]<\/p>\n","protected":false},"author":1763,"featured_media":0,"comment_status":"closed","ping_status":"closed","sticky":false,"template":"","format":"standard","meta":{"fifu_image_url":"","fifu_image_alt":"","footnotes":""},"categories":[78,54],"tags":[],"class_list":["post-114820","post","type-post","status-publish","format-standard","hentry","category-economie","category-maroc"],"_links":{"self":[{"href":"https:\/\/linitiative.ca\/International\/wp-json\/wp\/v2\/posts\/114820","targetHints":{"allow":["GET"]}}],"collection":[{"href":"https:\/\/linitiative.ca\/International\/wp-json\/wp\/v2\/posts"}],"about":[{"href":"https:\/\/linitiative.ca\/International\/wp-json\/wp\/v2\/types\/post"}],"author":[{"embeddable":true,"href":"https:\/\/linitiative.ca\/International\/wp-json\/wp\/v2\/users\/1763"}],"replies":[{"embeddable":true,"href":"https:\/\/linitiative.ca\/International\/wp-json\/wp\/v2\/comments?post=114820"}],"version-history":[{"count":0,"href":"https:\/\/linitiative.ca\/International\/wp-json\/wp\/v2\/posts\/114820\/revisions"}],"wp:attachment":[{"href":"https:\/\/linitiative.ca\/International\/wp-json\/wp\/v2\/media?parent=114820"}],"wp:term":[{"taxonomy":"category","embeddable":true,"href":"https:\/\/linitiative.ca\/International\/wp-json\/wp\/v2\/categories?post=114820"},{"taxonomy":"post_tag","embeddable":true,"href":"https:\/\/linitiative.ca\/International\/wp-json\/wp\/v2\/tags?post=114820"}],"curies":[{"name":"wp","href":"https:\/\/api.w.org\/{rel}","templated":true}]}}