{"id":114830,"date":"2021-04-13T11:16:58","date_gmt":"2021-04-13T15:16:58","guid":{"rendered":"https:\/\/linitiative.ca\/International\/mali-le-president-de-la-coordination-des-mouvements-de-lazawad-assassine-a-bamako\/"},"modified":"2021-04-13T11:16:58","modified_gmt":"2021-04-13T15:16:58","slug":"mali-le-president-de-la-coordination-des-mouvements-de-lazawad-assassine-a-bamako","status":"publish","type":"post","link":"https:\/\/linitiative.ca\/International\/mali-le-president-de-la-coordination-des-mouvements-de-lazawad-assassine-a-bamako\/","title":{"rendered":"Mali : le pr\u00e9sident de la Coordination des mouvements de l\u2019Azawad assassin\u00e9 \u00e0 Bamako"},"content":{"rendered":"<h4 class=\"title-14\"\/>\n<div class=\"featured_image\"><img loading=\"lazy\" decoding=\"async\" width=\"750\" height=\"499\" src=\"https:\/\/www.elwatan.com\/wp-content\/uploads\/2021\/04\/Sidi-brahim-ould-sidati.jpg\" class=\"attachment-post-thumbnail size-post-thumbnail wp-post-image\" alt=\"\" srcset=\"https:\/\/www.elwatan.com\/wp-content\/uploads\/2021\/04\/Sidi-brahim-ould-sidati.jpg 750w, https:\/\/www.elwatan.com\/wp-content\/uploads\/2021\/04\/Sidi-brahim-ould-sidati-300x200.jpg 300w\" sizes=\"auto, (max-width: 750px) 100vw, 750px\"\/> <span class=\"featured-image-caption\">Photo : D. R.<\/span><\/div>\n<p><em><strong>Un des principaux chefs des ex-rebelles du nord du Mali, Sidi Brahim Ould Sidati, pr\u00e9sident en exercice de la Coordination des mouvements de l\u2019Azawad (CMA), a \u00e9t\u00e9 assassin\u00e9 par balles aujourd\u2019hui mardi \u00e0 Bamako, ont indiqu\u00e9 le porte-parole de la CMA, un proche et un m\u00e9decin.<\/strong><\/em><\/p>\n<p>\u00abNous venons de perdre notre pr\u00e9sident Sidi Brahim Ould Sidatt (pour Sidati) assassin\u00e9 ce matin \u00e0 Bamako\u00bb, a dit sur les r\u00e9seaux sociaux Almou Ag Mohamed, porte-parole de la CMA, alliance compos\u00e9e essentiellement d\u2019anciens groupes arm\u00e9s ind\u00e9pendantistes touareg et nationalistes arabes qui ont combattu les forces maliennes dans le Nord \u00e0 partir de 2012 avant de signer l\u2019Accord de paix et de r\u00e9conciliation en 2015, issu du processus de n\u00e9gociation d\u2019Alger.<\/p>\n<p>Sidi Brahim Ould Sidati avait sign\u00e9 au nom de la CMA cet accord avec le gouvernement malien et une coalition de groupes arm\u00e9s alli\u00e9e \u00e0 ce gouvernement, la Plateforme, pour restaurer la paix.<\/p>\n<p>L\u2019application de cet accord est consid\u00e9r\u00e9e comme capitale pour sortir le Mali de la crise dans laquelle il s\u2019enfonce, mais se fait toujours attendre. On ignore les causes de son assassinat.<\/p>\n<p><em>\u00abMon oncle a \u00e9t\u00e9 victime ce matin d\u2019un assassinat \u00e0 son domicile. On a tir\u00e9 sur lui. On l\u2019a amen\u00e9 dans une clinique, mais il n\u2019a pas surv\u00e9cu\u00bb<\/em>, a dit \u00e0 l\u2019AFP l\u2019un de ses neveux.<\/p>\n<p>Un m\u00e9decin de la clinique a confirm\u00e9 sa mort sous le couvert de l\u2019anonymat.<\/p>\n<p><span class=\"post-views-label\">Post Views:<\/span> <span class=\"post-views-count\">437<\/span><\/p>\n<p><br class=\"c2\"\/><\/p>\n<div class=\"ichhar-moneytagnative c5\" id=\"ichhar-940012049\">\n<p>Advertisements<\/p>\n<\/div>\n<p><br class=\"c2\"\/><br \/>\n<br class=\"c6\"\/><\/p>\n<p>Auteur: Mohand Yahiaoui<br \/>\n<a href=\"https:\/\/www.elwatan.com\/edition\/international\/mali-le-president-de-la-coordination-des-mouvements-de-lazawad-assassine-a-bamako-13-04-2021\">Cliquez ici pour lire l&rsquo;article depuis sa source.<\/a><\/p>\n","protected":false},"excerpt":{"rendered":"<p>Photo : D. R. Un des principaux chefs des ex-rebelles du nord du Mali, Sidi Brahim Ould Sidati, pr\u00e9sident en exercice de la Coordination des mouvements de l\u2019Azawad (CMA), a \u00e9t\u00e9 assassin\u00e9 par balles aujourd\u2019hui mardi \u00e0 Bamako, ont indiqu\u00e9 le porte-parole de la CMA, un proche et un m\u00e9decin. \u00abNous venons de perdre notre [&hellip;]<\/p>\n","protected":false},"author":1743,"featured_media":0,"comment_status":"closed","ping_status":"closed","sticky":false,"template":"","format":"standard","meta":{"fifu_image_url":"https:\/\/www.elwatan.com\/wp-content\/uploads\/2021\/04\/Sidi-brahim-ould-sidati.jpg","fifu_image_alt":"Mali : le pr\u00e9sident de la Coordination des mouvements de l\u2019Azawad assassin\u00e9 \u00e0 Bamako","footnotes":""},"categories":[73,53],"tags":[],"class_list":["post-114830","post","type-post","status-publish","format-standard","hentry","category-actualite","category-algerie"],"_links":{"self":[{"href":"https:\/\/linitiative.ca\/International\/wp-json\/wp\/v2\/posts\/114830","targetHints":{"allow":["GET"]}}],"collection":[{"href":"https:\/\/linitiative.ca\/International\/wp-json\/wp\/v2\/posts"}],"about":[{"href":"https:\/\/linitiative.ca\/International\/wp-json\/wp\/v2\/types\/post"}],"author":[{"embeddable":true,"href":"https:\/\/linitiative.ca\/International\/wp-json\/wp\/v2\/users\/1743"}],"replies":[{"embeddable":true,"href":"https:\/\/linitiative.ca\/International\/wp-json\/wp\/v2\/comments?post=114830"}],"version-history":[{"count":0,"href":"https:\/\/linitiative.ca\/International\/wp-json\/wp\/v2\/posts\/114830\/revisions"}],"wp:attachment":[{"href":"https:\/\/linitiative.ca\/International\/wp-json\/wp\/v2\/media?parent=114830"}],"wp:term":[{"taxonomy":"category","embeddable":true,"href":"https:\/\/linitiative.ca\/International\/wp-json\/wp\/v2\/categories?post=114830"},{"taxonomy":"post_tag","embeddable":true,"href":"https:\/\/linitiative.ca\/International\/wp-json\/wp\/v2\/tags?post=114830"}],"curies":[{"name":"wp","href":"https:\/\/api.w.org\/{rel}","templated":true}]}}