{"id":114831,"date":"2021-04-13T11:32:32","date_gmt":"2021-04-13T15:32:32","guid":{"rendered":"https:\/\/linitiative.ca\/International\/affaire-tadjadit-les-eclairages-du-collectif-de-defense\/"},"modified":"2021-04-13T11:32:32","modified_gmt":"2021-04-13T15:32:32","slug":"affaire-tadjadit-les-eclairages-du-collectif-de-defense","status":"publish","type":"post","link":"https:\/\/linitiative.ca\/International\/affaire-tadjadit-les-eclairages-du-collectif-de-defense\/","title":{"rendered":"Affaire Tadjadit : Les \u00e9clairages du collectif de d\u00e9fense\u00a0"},"content":{"rendered":"<h4 class=\"title-14\"\/>\n<div class=\"featured_image\"><img loading=\"lazy\" decoding=\"async\" width=\"783\" height=\"391\" src=\"https:\/\/www.elwatan.com\/wp-content\/uploads\/2021\/04\/Tadjadit.jpeg\" class=\"attachment-post-thumbnail size-post-thumbnail wp-post-image\" alt=\"\" srcset=\"https:\/\/www.elwatan.com\/wp-content\/uploads\/2021\/04\/Tadjadit.jpeg 783w, https:\/\/www.elwatan.com\/wp-content\/uploads\/2021\/04\/Tadjadit-300x150.jpeg 300w, https:\/\/www.elwatan.com\/wp-content\/uploads\/2021\/04\/Tadjadit-768x384.jpeg 768w\" sizes=\"auto, (max-width: 783px) 100vw, 783px\"\/><\/div>\n<p><em><strong>Le collectif de d\u00e9fense de Mohamed Tadjadit et ses amis, sous mandat de d\u00e9p\u00f4t depuis une semaine, d\u00e9nonce une amplification du dossier par le procureur g\u00e9n\u00e9ral pr\u00e8s la Cour d\u2019Alger et des m\u00e9dias.<\/strong><\/em><\/p>\n<p>Intervenant lors d\u2019une conf\u00e9rence de presse, anim\u00e9e aujourd\u2019hui \u00e0 Alger, les avocats Abdallah Heboul, Yamina Allili et Nassima Rezazgui, \u00e9voquent une volont\u00e9 de ternir l\u2019image des activistes en question, en leur collant des accusations en lien avec la d\u00e9linquance.<\/p>\n<p>\u00ab Le Procureur g\u00e9n\u00e9ral a affirm\u00e9 que les pr\u00e9venus \u00e9taient des repris de justice. C\u2019est tr\u00e8s grave, car les Mohamed Tadjadit et ses amis ont fait auparavant de la prison non pas pour des faits de d\u00e9linquance, mais pour avoir particip\u00e9 au Hirak populaire. Ce sont des condamn\u00e9s politiques \u00bb, d\u00e9plore Abdallah Heboul.<\/p>\n<p>Pour ce dernier, la simultan\u00e9it\u00e9 de la conf\u00e9rence de presse du procureur g\u00e9n\u00e9ral et de la pr\u00e9sentation de ces jeunes devant le juge d\u2019instruction n\u2019\u00e9tait pas innocente.<\/p>\n<p><em>\u00ab Il y a comme une volont\u00e9 de peser sur le dossier. C\u2019est un pr\u00e9c\u00e9dent grave \u00bb<\/em>, d\u00e9nonce-t-il, apportant au passage un d\u00e9menti concernant les all\u00e9gations de certaines cha\u00eenes de t\u00e9l\u00e9vision priv\u00e9e qui ont accus\u00e9 ces jeunes activistes de \u00ab d\u00e9viation sexuelle \u00bb et \u00ab d\u2019ouverture d\u2019un lieu de d\u00e9bauche \u00bb.<\/p>\n<p><em>\u00abCes accusations ne figurent ni dans le dossier de la justice ni dans le PV de la police\u00bb<\/em>, soulignent encore les avocats, qui ont rappel\u00e9 que les mis en cause sont poursuivi pour \u00ab participation et cr\u00e9ation d\u2019une association de malfaiteur\u00bb et six autres chefs d\u2019accusation.<\/p>\n<p><span class=\"post-views-label\">Post Views:<\/span> <span class=\"post-views-count\">1\u00a0617<\/span><\/p>\n<p><br class=\"c2\"\/><\/p>\n<div class=\"ichhar-moneytagnative c5\" id=\"ichhar-680267062\">\n<p>Advertisements<\/p>\n<\/div>\n<p><br class=\"c2\"\/><br \/>\n<br class=\"c6\"\/><\/p>\n<p>Auteur: Mohand Yahiaoui<br \/>\n<a href=\"https:\/\/www.elwatan.com\/edition\/actualite\/affaire-tadjadit-les-eclairages-du-collectif-de-defense-13-04-2021\">Cliquez ici pour lire l&rsquo;article depuis sa source.<\/a><\/p>\n","protected":false},"excerpt":{"rendered":"<p>Le collectif de d\u00e9fense de Mohamed Tadjadit et ses amis, sous mandat de d\u00e9p\u00f4t depuis une semaine, d\u00e9nonce une amplification du dossier par le procureur g\u00e9n\u00e9ral pr\u00e8s la Cour d\u2019Alger et des m\u00e9dias. Intervenant lors d\u2019une conf\u00e9rence de presse, anim\u00e9e aujourd\u2019hui \u00e0 Alger, les avocats Abdallah Heboul, Yamina Allili et Nassima Rezazgui, \u00e9voquent une volont\u00e9 [&hellip;]<\/p>\n","protected":false},"author":1743,"featured_media":0,"comment_status":"closed","ping_status":"closed","sticky":false,"template":"","format":"standard","meta":{"fifu_image_url":"https:\/\/www.elwatan.com\/wp-content\/uploads\/2021\/04\/Tadjadit.jpeg","fifu_image_alt":"Affaire Tadjadit : Les \u00e9clairages du collectif de d\u00e9fense\u00a0","footnotes":""},"categories":[73,53],"tags":[],"class_list":["post-114831","post","type-post","status-publish","format-standard","hentry","category-actualite","category-algerie"],"_links":{"self":[{"href":"https:\/\/linitiative.ca\/International\/wp-json\/wp\/v2\/posts\/114831","targetHints":{"allow":["GET"]}}],"collection":[{"href":"https:\/\/linitiative.ca\/International\/wp-json\/wp\/v2\/posts"}],"about":[{"href":"https:\/\/linitiative.ca\/International\/wp-json\/wp\/v2\/types\/post"}],"author":[{"embeddable":true,"href":"https:\/\/linitiative.ca\/International\/wp-json\/wp\/v2\/users\/1743"}],"replies":[{"embeddable":true,"href":"https:\/\/linitiative.ca\/International\/wp-json\/wp\/v2\/comments?post=114831"}],"version-history":[{"count":0,"href":"https:\/\/linitiative.ca\/International\/wp-json\/wp\/v2\/posts\/114831\/revisions"}],"wp:attachment":[{"href":"https:\/\/linitiative.ca\/International\/wp-json\/wp\/v2\/media?parent=114831"}],"wp:term":[{"taxonomy":"category","embeddable":true,"href":"https:\/\/linitiative.ca\/International\/wp-json\/wp\/v2\/categories?post=114831"},{"taxonomy":"post_tag","embeddable":true,"href":"https:\/\/linitiative.ca\/International\/wp-json\/wp\/v2\/tags?post=114831"}],"curies":[{"name":"wp","href":"https:\/\/api.w.org\/{rel}","templated":true}]}}