{"id":114832,"date":"2021-04-13T11:38:31","date_gmt":"2021-04-13T15:38:31","guid":{"rendered":"https:\/\/linitiative.ca\/International\/affaire-de-lincendie-de-la-dsp-de-bouira-quatre-personnes-ecrouees\/"},"modified":"2021-04-13T11:38:31","modified_gmt":"2021-04-13T15:38:31","slug":"affaire-de-lincendie-de-la-dsp-de-bouira-quatre-personnes-ecrouees","status":"publish","type":"post","link":"https:\/\/linitiative.ca\/International\/affaire-de-lincendie-de-la-dsp-de-bouira-quatre-personnes-ecrouees\/","title":{"rendered":"Affaire de l\u2019incendie de la DSP de Bouira : Quatre personnes \u00e9crou\u00e9es"},"content":{"rendered":"<h4 class=\"title-14\"\/>\n<p><strong><em>Quatre manifestants, arr\u00eat\u00e9s au lendemain de l\u2019incendie ravageant une grande partie de la direction de sant\u00e9 publique (DSP), sis au quartier des 140 logements du chef-lieu de wilaya de Bouira, ont \u00e9t\u00e9 plac\u00e9 tard dans la soir\u00e9e du lundi 12 avril, sous mandat de d\u00e9p\u00f4t par le juge d\u2019instruction pr\u00e8s le tribunal de premi\u00e8re instance, a-t-on appris de source judicaire.<\/em><\/strong><\/p>\n<p>Le parquet a rel\u00e2ch\u00e9 deux mineurs, a-t-on ajout\u00e9. Les mis en cause sont poursuivis pour \u00absaccage et destruction de biens publics\u00bb. Ils ont \u00e9t\u00e9 interpell\u00e9s au lendemain des violents affrontements opposant des postulants au logement sociaux aux forces de l\u2019ordre.<\/p>\n<p>Le si\u00e8ge de la DSP a \u00e9t\u00e9, pour rappel, attaqu\u00e9 \u00e0 l\u2019aide de cocktail Molotov. Le mat\u00e9riel informatique et les \u00e9quipements se trouvant \u00e0 l\u2019int\u00e9rieur des bureaux ont \u00e9t\u00e9 d\u00e9rob\u00e9s.<\/p>\n<p>La ville de Bouira \u00e9t\u00e9 depuis secou\u00e9e durant plusieurs jours de violents \u00e9meutes survenus notamment dans les quartiers des 140 logements, Ecotec et Oued Hous.<\/p>\n<p>Des exclus de la liste des 904 logements affich\u00e9e \u00e0 la h\u00e2te par les autorit\u00e9s locales ont investi la rue appelant \u00e0 l\u2019annulation des listes et l\u2019ouverture d\u2019une enqu\u00eate.<\/p>\n<p><span class=\"post-views-label\">Post Views:<\/span> <span class=\"post-views-count\">484<\/span><\/p>\n<p><br class=\"c2\"\/><\/p>\n<div class=\"ichhar-moneytagnative c5\" id=\"ichhar-1023668925\">\n<p>Advertisements<\/p>\n<\/div>\n<p><br class=\"c2\"\/><br \/>\n<br class=\"c6\"\/><\/p>\n<p>Auteur: Mohand Yahiaoui<br \/>\n<a href=\"https:\/\/www.elwatan.com\/edition\/actualite\/affaire-de-lincendie-de-la-dsp-de-bouira-quatre-personnes-ecrouees-13-04-2021\">Cliquez ici pour lire l&rsquo;article depuis sa source.<\/a><\/p>\n","protected":false},"excerpt":{"rendered":"<p>Quatre manifestants, arr\u00eat\u00e9s au lendemain de l\u2019incendie ravageant une grande partie de la direction de sant\u00e9 publique (DSP), sis au quartier des 140 logements du chef-lieu de wilaya de Bouira, ont \u00e9t\u00e9 plac\u00e9 tard dans la soir\u00e9e du lundi 12 avril, sous mandat de d\u00e9p\u00f4t par le juge d\u2019instruction pr\u00e8s le tribunal de premi\u00e8re instance, [&hellip;]<\/p>\n","protected":false},"author":1743,"featured_media":0,"comment_status":"closed","ping_status":"closed","sticky":false,"template":"","format":"standard","meta":{"fifu_image_url":"","fifu_image_alt":"","footnotes":""},"categories":[73,53],"tags":[],"class_list":["post-114832","post","type-post","status-publish","format-standard","hentry","category-actualite","category-algerie"],"_links":{"self":[{"href":"https:\/\/linitiative.ca\/International\/wp-json\/wp\/v2\/posts\/114832","targetHints":{"allow":["GET"]}}],"collection":[{"href":"https:\/\/linitiative.ca\/International\/wp-json\/wp\/v2\/posts"}],"about":[{"href":"https:\/\/linitiative.ca\/International\/wp-json\/wp\/v2\/types\/post"}],"author":[{"embeddable":true,"href":"https:\/\/linitiative.ca\/International\/wp-json\/wp\/v2\/users\/1743"}],"replies":[{"embeddable":true,"href":"https:\/\/linitiative.ca\/International\/wp-json\/wp\/v2\/comments?post=114832"}],"version-history":[{"count":0,"href":"https:\/\/linitiative.ca\/International\/wp-json\/wp\/v2\/posts\/114832\/revisions"}],"wp:attachment":[{"href":"https:\/\/linitiative.ca\/International\/wp-json\/wp\/v2\/media?parent=114832"}],"wp:term":[{"taxonomy":"category","embeddable":true,"href":"https:\/\/linitiative.ca\/International\/wp-json\/wp\/v2\/categories?post=114832"},{"taxonomy":"post_tag","embeddable":true,"href":"https:\/\/linitiative.ca\/International\/wp-json\/wp\/v2\/tags?post=114832"}],"curies":[{"name":"wp","href":"https:\/\/api.w.org\/{rel}","templated":true}]}}