{"id":114833,"date":"2021-04-13T13:28:53","date_gmt":"2021-04-13T17:28:53","guid":{"rendered":"https:\/\/linitiative.ca\/International\/accidents-de-la-route-onze-blesses-dont-un-dans-un-etat-grave-a-bouira\/"},"modified":"2021-04-13T13:28:53","modified_gmt":"2021-04-13T17:28:53","slug":"accidents-de-la-route-onze-blesses-dont-un-dans-un-etat-grave-a-bouira","status":"publish","type":"post","link":"https:\/\/linitiative.ca\/International\/accidents-de-la-route-onze-blesses-dont-un-dans-un-etat-grave-a-bouira\/","title":{"rendered":"Accidents de la route : Onze bless\u00e9s dont un dans un \u00e9tat grave \u00e0 Bouira"},"content":{"rendered":"<h4 class=\"title-14\"\/>\n<p><strong><em>Un grave accident de la circulation routi\u00e8re a survenu, aujourd\u2019hui dans la wilaya de Bouira.<\/em><\/strong><\/p>\n<p>Selon un communiqu\u00e9 de la protection civile, celui-ci, qui s\u2019est produit lorsque un camion et un v\u00e9hicule de transport en commun se sont percut\u00e9s sur un axe routier au niveau de la commune de Ouled Rached, a fait onze bless\u00e9s dont un dans un \u00e9tat grave.<\/p>\n<p>Il faut dire que le nombre d\u2019accidents de la route a pris ces derniers jours une courbe ascendante.<\/p>\n<p>Selon un dernier bilan, \u00ab\u00a037 personnes ont trouv\u00e9 la mort et 1.476 autres ont \u00e9t\u00e9 bless\u00e9es dans 1.162 accidents de la circulation survenus \u00e0 travers le territoire national au cours de la semaine \u00e9coul\u00e9e (du 4 au 10 avril)\u00a0\u00bb.<\/p>\n<p>Selon toujours la protection civile, \u00ab\u00a0le bilan le plus lourd a \u00e9t\u00e9 enregistr\u00e9 au niveau de la wilaya S\u00e9tif avec 03 personnes d\u00e9c\u00e9d\u00e9es et 44 autres bless\u00e9es suite \u00e0 43 accidents de la route\u00a0\u00bb.<\/p>\n<p><span class=\"post-views-label\">Post Views:<\/span> <span class=\"post-views-count\">243<\/span><\/p>\n<p><br class=\"c2\"\/><\/p>\n<div class=\"ichhar-moneytagnative c5\" id=\"ichhar-405354463\">\n<p>Advertisements<\/p>\n<\/div>\n<p><br class=\"c2\"\/><br \/>\n<br class=\"c6\"\/><\/p>\n<p>Auteur: Mohand Yahiaoui<br \/>\n<a href=\"https:\/\/www.elwatan.com\/edition\/actualite\/accidents-de-la-route-onze-blesses-dont-un-dans-un-etat-grave-a-bouira-13-04-2021\">Cliquez ici pour lire l&rsquo;article depuis sa source.<\/a><\/p>\n","protected":false},"excerpt":{"rendered":"<p>Un grave accident de la circulation routi\u00e8re a survenu, aujourd\u2019hui dans la wilaya de Bouira. Selon un communiqu\u00e9 de la protection civile, celui-ci, qui s\u2019est produit lorsque un camion et un v\u00e9hicule de transport en commun se sont percut\u00e9s sur un axe routier au niveau de la commune de Ouled Rached, a fait onze bless\u00e9s [&hellip;]<\/p>\n","protected":false},"author":1743,"featured_media":0,"comment_status":"closed","ping_status":"closed","sticky":false,"template":"","format":"standard","meta":{"fifu_image_url":"","fifu_image_alt":"","footnotes":""},"categories":[73,53],"tags":[],"class_list":["post-114833","post","type-post","status-publish","format-standard","hentry","category-actualite","category-algerie"],"_links":{"self":[{"href":"https:\/\/linitiative.ca\/International\/wp-json\/wp\/v2\/posts\/114833","targetHints":{"allow":["GET"]}}],"collection":[{"href":"https:\/\/linitiative.ca\/International\/wp-json\/wp\/v2\/posts"}],"about":[{"href":"https:\/\/linitiative.ca\/International\/wp-json\/wp\/v2\/types\/post"}],"author":[{"embeddable":true,"href":"https:\/\/linitiative.ca\/International\/wp-json\/wp\/v2\/users\/1743"}],"replies":[{"embeddable":true,"href":"https:\/\/linitiative.ca\/International\/wp-json\/wp\/v2\/comments?post=114833"}],"version-history":[{"count":0,"href":"https:\/\/linitiative.ca\/International\/wp-json\/wp\/v2\/posts\/114833\/revisions"}],"wp:attachment":[{"href":"https:\/\/linitiative.ca\/International\/wp-json\/wp\/v2\/media?parent=114833"}],"wp:term":[{"taxonomy":"category","embeddable":true,"href":"https:\/\/linitiative.ca\/International\/wp-json\/wp\/v2\/categories?post=114833"},{"taxonomy":"post_tag","embeddable":true,"href":"https:\/\/linitiative.ca\/International\/wp-json\/wp\/v2\/tags?post=114833"}],"curies":[{"name":"wp","href":"https:\/\/api.w.org\/{rel}","templated":true}]}}