{"id":114838,"date":"2021-04-13T08:14:00","date_gmt":"2021-04-13T12:14:00","guid":{"rendered":"https:\/\/linitiative.ca\/International\/en-attendant-la-publication-des-memoires-de-zbidi\/"},"modified":"2021-04-13T08:14:00","modified_gmt":"2021-04-13T12:14:00","slug":"en-attendant-la-publication-des-memoires-de-zbidi","status":"publish","type":"post","link":"https:\/\/linitiative.ca\/International\/en-attendant-la-publication-des-memoires-de-zbidi\/","title":{"rendered":"En attendant la publication des m\u00e9moires de Zbidi"},"content":{"rendered":"<p>Sera-t-il finalement tent\u00e9 de publier ses m\u00e9moires? Abdelkrim Zbidi aura alors \u00e0 livrer un r\u00e9cit personnel nourri de r\u00e9v\u00e9lations. Son enfance \u00e0 Rejiche, non loin de Mahdia, ses \u00e9tudes en m\u00e9decine pouss\u00e9es \u00e0 Lyon, le d\u00e9cannat de la facult\u00e9 de M\u00e9decine de Sousse, la cr\u00e9ation de celle de Djibouti meubleront sans doute une bonne premi\u00e8re partie. Mais, c\u2019est l\u2019\u00e9vocation de ses ann\u00e9es cruciales pass\u00e9es par deux fois, apr\u00e8s 2011, \u00e0 la t\u00eate du minist\u00e8re de la D\u00e9fense, \u00e0 des moments tr\u00e8s sensibles et de sa candidature en 2019 \u00e0 la pr\u00e9sidence de la R\u00e9publique qui sera le plus attendu. Int\u00e8gre, sinc\u00e8re, cet homme de devoir et de parole apportera un t\u00e9moignage pr\u00e9cieux. S\u2019il s\u2019y d\u00e9cide&#8230;<\/p>\n<p class=\"c2\"><a href=\"https:\/\/www.leaders.com.tn\/le_mensuel_abonnez_vous\" target=\"_blank\" rel=\"noopener\"><img loading=\"lazy\" decoding=\"async\" src=\"\/uploads\/FCK_files\/Bandeau-Leaders(3).jpg\" alt=\"\" width=\"500\" vspace=\"5\" hspace=\"5\" height=\"128\" align=\"middle\"\/><\/a><\/p>\n<p>\u00a0<\/p>\n<p>Auteur:<br \/>\n<a href=\"https:\/\/www.leaders.com.tn\/article\/31711-en-attendant-zbidi-de-publier-ses-memoires\">Cliquez ici pour lire l&rsquo;article depuis sa source.<\/a><\/p>\n","protected":false},"excerpt":{"rendered":"<p>Sera-t-il finalement tent\u00e9 de publier ses m\u00e9moires? Abdelkrim Zbidi aura alors \u00e0 livrer un r\u00e9cit personnel nourri de r\u00e9v\u00e9lations. Son enfance \u00e0 Rejiche, non loin de Mahdia, ses \u00e9tudes en m\u00e9decine pouss\u00e9es \u00e0 Lyon, le d\u00e9cannat de la facult\u00e9 de M\u00e9decine de Sousse, la cr\u00e9ation de celle de Djibouti meubleront sans doute une bonne premi\u00e8re [&hellip;]<\/p>\n","protected":false},"author":1772,"featured_media":0,"comment_status":"closed","ping_status":"closed","sticky":false,"template":"","format":"standard","meta":{"fifu_image_url":"\/uploads\/FCK_files\/Bandeau-Leaders(3).jpg","fifu_image_alt":"En attendant la publication des m\u00e9moires de Zbidi","footnotes":""},"categories":[73,55],"tags":[],"class_list":["post-114838","post","type-post","status-publish","format-standard","hentry","category-actualite","category-tunisie"],"_links":{"self":[{"href":"https:\/\/linitiative.ca\/International\/wp-json\/wp\/v2\/posts\/114838","targetHints":{"allow":["GET"]}}],"collection":[{"href":"https:\/\/linitiative.ca\/International\/wp-json\/wp\/v2\/posts"}],"about":[{"href":"https:\/\/linitiative.ca\/International\/wp-json\/wp\/v2\/types\/post"}],"author":[{"embeddable":true,"href":"https:\/\/linitiative.ca\/International\/wp-json\/wp\/v2\/users\/1772"}],"replies":[{"embeddable":true,"href":"https:\/\/linitiative.ca\/International\/wp-json\/wp\/v2\/comments?post=114838"}],"version-history":[{"count":0,"href":"https:\/\/linitiative.ca\/International\/wp-json\/wp\/v2\/posts\/114838\/revisions"}],"wp:attachment":[{"href":"https:\/\/linitiative.ca\/International\/wp-json\/wp\/v2\/media?parent=114838"}],"wp:term":[{"taxonomy":"category","embeddable":true,"href":"https:\/\/linitiative.ca\/International\/wp-json\/wp\/v2\/categories?post=114838"},{"taxonomy":"post_tag","embeddable":true,"href":"https:\/\/linitiative.ca\/International\/wp-json\/wp\/v2\/tags?post=114838"}],"curies":[{"name":"wp","href":"https:\/\/api.w.org\/{rel}","templated":true}]}}