{"id":114839,"date":"2021-04-13T06:00:00","date_gmt":"2021-04-13T10:00:00","guid":{"rendered":"https:\/\/linitiative.ca\/International\/les-moines-et-la-profanation-cyclique-de-leurs-tombes\/"},"modified":"2021-04-13T06:00:00","modified_gmt":"2021-04-13T10:00:00","slug":"les-moines-et-la-profanation-cyclique-de-leurs-tombes","status":"publish","type":"post","link":"https:\/\/linitiative.ca\/International\/les-moines-et-la-profanation-cyclique-de-leurs-tombes\/","title":{"rendered":"Les moines et la profanation cyclique de leurs tombes !"},"content":{"rendered":"<p class=\"c3\">Mah\u2019chi ? Ou pas mah\u2019chi ?<\/p>\n<p class=\"c3\"><strong>Kawkaw ? Ou louz ?<\/strong><\/p>\n<p class=\"c3\">Et l\u00e0, aujourd\u2019hui, pas hier, pas avant-hier, pas le mois dernier, le Figaro ressort l\u2019affaire dite des \u00ab Moines de Tibhirine \u00bb. Un dossier relift\u00e9 par le t\u00e9moignage d\u2019un homme pr\u00e9sent\u00e9 comme ancien agent du DRS. C\u2019est tout bonnement magique ! Un processus \u00ab sahri \u00bb que n\u2019aurait pas reni\u00e9 Merlin l\u2019Enchanteur ! D\u00e8s que \u00e7a grince entre Alger et Paris, ou d\u00e8s que \u00e7a doit grincer parce que le bureau des l\u00e9gendes conseille \u00e0 l\u2019\u00c9lys\u00e9e de faire grincer, des journaux ind\u00e9pendants, des titres irr\u00e9prochables professionnellement, des canards pas du tout aux ordres \u2014 contrairement \u00e0 nous les plumitifs agents d\u2019active au service d\u2019El-Mouradia et des Tagarins \u2014 exhument de leurs bo\u00eetes d\u2019archives les vieux dossiers, les d\u00e9poussi\u00e8rent et les envoient \u00e0 l\u2019imprimerie. Et aucune chance de voir ou d\u2019entendre des voix l\u00e0-bas, ici aussi, s\u2019\u00e9lever pour d\u00e9noncer une \u00ab presse aux ordres \u00bb ! Tu n\u2019y penses pas ! C\u2019est le Figaro, kho ! Pas la khourda dialna ! Tu ne peux pas critiquer ces pratiques. Tu t\u2019exposerais aussit\u00f4t aux attaques classiques : \u00ab Arr\u00eatez d\u2019agiter la main de l\u2019\u00e9tranger ! Le mal est en nous ! \u00bb D\u2019abord, je confirme cousin ! Le mal est en nous. Mais est-ce que \u00e7a doit nous emp\u00eacher de nous interroger sur la<br \/>magie ? Sur les ph\u00e9nom\u00e8nes surnaturels ? Sur les apparitions et disparitions inexpliqu\u00e9es ? Les moines ont \u00e9t\u00e9 enterr\u00e9s il y a un bail. Et des \u00e9quipes n\u00e9crophages, des commandos du d\u00e9terrement et de l\u2019exhumation des d\u00e9pouilles \u00e0 la carte, profanent cycliquement leurs tombes pour les remettre sur la table. C\u2019est de l\u2019acharnement sur corps d\u2019anges ! Plus aucun respect pour le repos \u00e9ternel tant m\u00e9rit\u00e9 par ces moines. Du crypto-journalisme au sens litt\u00e9ral, tant ce qui est propos\u00e9 est une descente dans les catacombes. Mais \u00e7a, encore une fois, d\u00e8s que tu le dis, t\u2019es aussit\u00f4t tax\u00e9 de supp\u00f4t de la junte militaire et de son appendice civil. Qui tu suis-je toi minable scribouillard du 1 rue Bachir-Attar devant El-Figaro ? Moi ? Rien ! Juste un mec \u00e9bahi par autant de d\u00e9bauche magique. Tellement \u00e9bahi que j\u2019en fume du th\u00e9 pour rester \u00e9veill\u00e9 \u00e0 ce cauchemar qui continue.<br \/><em><strong>H. L.<\/strong><\/em><\/p>\n<p>Auteur:<br \/>\n<a href=\"https:\/\/www.lesoirdalgerie.com\/pousse-avec-eux\/les-moines-et-la-profanation-cyclique-de-leurs-tombes-59510\">Cliquez ici pour lire l&rsquo;article depuis sa source.<\/a><\/p>\n","protected":false},"excerpt":{"rendered":"<p>Mah\u2019chi ? Ou pas mah\u2019chi ? Kawkaw ? Ou louz ? Et l\u00e0, aujourd\u2019hui, pas hier, pas avant-hier, pas le mois dernier, le Figaro ressort l\u2019affaire dite des \u00ab Moines de Tibhirine \u00bb. Un dossier relift\u00e9 par le t\u00e9moignage d\u2019un homme pr\u00e9sent\u00e9 comme ancien agent du DRS. C\u2019est tout bonnement magique ! Un processus \u00ab [&hellip;]<\/p>\n","protected":false},"author":1741,"featured_media":0,"comment_status":"closed","ping_status":"closed","sticky":false,"template":"","format":"standard","meta":{"fifu_image_url":"","fifu_image_alt":"","footnotes":""},"categories":[73,53],"tags":[],"class_list":["post-114839","post","type-post","status-publish","format-standard","hentry","category-actualite","category-algerie"],"_links":{"self":[{"href":"https:\/\/linitiative.ca\/International\/wp-json\/wp\/v2\/posts\/114839","targetHints":{"allow":["GET"]}}],"collection":[{"href":"https:\/\/linitiative.ca\/International\/wp-json\/wp\/v2\/posts"}],"about":[{"href":"https:\/\/linitiative.ca\/International\/wp-json\/wp\/v2\/types\/post"}],"author":[{"embeddable":true,"href":"https:\/\/linitiative.ca\/International\/wp-json\/wp\/v2\/users\/1741"}],"replies":[{"embeddable":true,"href":"https:\/\/linitiative.ca\/International\/wp-json\/wp\/v2\/comments?post=114839"}],"version-history":[{"count":0,"href":"https:\/\/linitiative.ca\/International\/wp-json\/wp\/v2\/posts\/114839\/revisions"}],"wp:attachment":[{"href":"https:\/\/linitiative.ca\/International\/wp-json\/wp\/v2\/media?parent=114839"}],"wp:term":[{"taxonomy":"category","embeddable":true,"href":"https:\/\/linitiative.ca\/International\/wp-json\/wp\/v2\/categories?post=114839"},{"taxonomy":"post_tag","embeddable":true,"href":"https:\/\/linitiative.ca\/International\/wp-json\/wp\/v2\/tags?post=114839"}],"curies":[{"name":"wp","href":"https:\/\/api.w.org\/{rel}","templated":true}]}}