{"id":114840,"date":"2021-04-13T06:00:00","date_gmt":"2021-04-13T10:00:00","guid":{"rendered":"https:\/\/linitiative.ca\/International\/construire-la-faf-du-futur\/"},"modified":"2021-04-13T06:00:00","modified_gmt":"2021-04-13T10:00:00","slug":"construire-la-faf-du-futur","status":"publish","type":"post","link":"https:\/\/linitiative.ca\/International\/construire-la-faf-du-futur\/","title":{"rendered":"Construire la FAF  du futur !"},"content":{"rendered":"<p class=\"c3\">C\u2019est verser dans le truisme que de dire que la FAF, la sensible et strat\u00e9gique F\u00e9d\u00e9ration alg\u00e9rienne de football, aura, jeudi soir, entre ftour et shor de Ramadhan, un nouveau patron. Un profil in\u00e9dit \u00e0 sa t\u00eate ; bref, un nouveau visage, une t\u00eate de top-manager, venu du monde de l\u2019entreprise publique o\u00f9 il a su g\u00e9rer et fructifier l\u2019argent du contribuable.\u00a0<br \/>On conna\u00eet les conditions dans lesquelles est survenue sa candidature finalement unique. Pas faute de candidatures rivales ou d\u2019ambitions fortes en face, mais en raison de l\u2019adh\u00e9sion finale de la concurrence potentielle \u00e0 une personnalit\u00e9 \u00e0 bien des \u00e9gards\u00a0 consensuelle. En fait, un assentiment, une affiliation, une adh\u00e9sion (aux id\u00e9es) et une association finale \u00e0 un fou du ballon qui tourne rond sur les pelouses vertes. Un passionn\u00e9 de football devenu sur le tard premier dirigeant d\u2019un club historique auquel il a pu \u00e9viter, en trois coups de cuill\u00e8re \u00e0 pot, le purgatoire domestique. Et, en presque le temps d\u2019un match avec prolongations, qui a su donner de nouvelles couleurs \u00e0 son rouge-et-blanc, en le mettant vite sur le chemin du succ\u00e8s sportif national, et d\u00e9j\u00e0 plac\u00e9 \u00e0 mi-chemin de la gloire africaine que le club alg\u00e9rois de son c\u0153ur n\u2019a jamais arpent\u00e9 par le pass\u00e9.\u00a0<br \/>Mais en v\u00e9rit\u00e9, l\u00e0 n\u2019est vraiment pas la vraie question. Elle ne r\u00e9side pas tant dans le choix du timonier, dont l\u2019apport est certes important, mais plut\u00f4t dans les nouveaux enjeux vitaux d\u2019une profonde r\u00e9forme du vaisseau FAF. Et ceux, bien s\u00fbr, d\u2019une cruciale modernisation du foot alg\u00e9rien qui doit, plus que par le pass\u00e9, chausser les crampons de la modernit\u00e9 manag\u00e9riale, et se v\u00eatir du maillot \u00e9toil\u00e9 de la performance sportive r\u00e9guli\u00e8re. R\u00e9formes et modernisation d\u2019autant plus capitales que le foot-DZ est structurellement archa\u00efque en d\u00e9pit des Fennecs de Djamel Belmadi, sa vitrine rutilante. Une \u00e9lite nationale dont les prouesses sportives r\u00e9centes reposent davantage sur les qualit\u00e9s manag\u00e9riales d\u2019un entra\u00eeneur alg\u00e9rien exceptionnel, un guerrier aguerri \u00e0 l\u2019\u00e9tranger. Et, naturellement, fond\u00e9es sur des joueurs de grand talent, \u00e0 tous les compartiments de jeu, dont beaucoup d\u2019entre eux ont \u00e9t\u00e9 form\u00e9s en Europe et y jouent dans ses championnats majeurs. Une restructuration et une r\u00e9novation dict\u00e9es aussi par la crise prot\u00e9iforme cons\u00e9cutive \u00e0 l\u2019av\u00e8nement plan\u00e9taire du p\u00e9ril Covid-19. D\u2019o\u00f9 le branle-bas de combat \u00e0 travers le monde. Malgr\u00e9 l\u2019absence de comp\u00e9titions officielles et une activit\u00e9 foot r\u00e9duite \u00e0 presque n\u00e9ant depuis le d\u00e9but du confinement dans la plupart des pays du monde, les cr\u00e2nes d\u2019\u0153uf de la Fifa ne ch\u00f4ment pas. Ils sont en r\u00e9flexion soutenue pour mettre en place diff\u00e9rentes r\u00e9formes devant r\u00e9pondre \u00e0 la crise financi\u00e8re qui impacte fortement les clubs, sans exception, et affecte profond\u00e9ment toutes les \u00e9conomies. Plusieurs axes d\u2019\u00e9tude, dont l\u2019auguste New-York Times se fait lui-m\u00eame \u00e9cho, font d\u00e9bat \u00e0 l\u2019\u00e9chelle du monde. Avec un d\u00e9nominateur commun : lancer un plan de sauvegarde du football pour \u00e9viter les faillites en cascade !\u00a0<br \/>Que faire ? Peu de dirigeants du football mondial ont pour \u00e9crivain de pr\u00e9dilection le fameux V.I.O.L., alias Vladimir Ilitch Oulianov, dit L\u00e9nine, l\u2019auteur en 1901 de l\u2019ouvrage au m\u00eame titre interrogatif. Et pourtant, le ballon rond est \u00e0 l\u2019arr\u00eat m\u00eame s\u2019il continue de tourner devant des gradins vides et d\u2019un froid glacial. La sph\u00e8re de cuir tourne en rond et les caisses se vident. Et voil\u00e0 les premiers dirigeants de l\u2019ONU du football tourment\u00e9s eux aussi par des questions br\u00fblantes.\u00a0<br \/>Mais \u00e0 Zurich, o\u00f9 L\u00e9nine r\u00e9sida, la Fifa est dans le doute. Elle n\u2019est m\u00eame plus s\u00fbre de quoi que ce soit ! \u00ab Notre monde comme notre sport seront diff\u00e9rents apr\u00e8s le retour \u00e0 la normale \u00bb, dit Gianni Infantino, son pr\u00e9sident, dans un surprenant oxymoron. Pri\u00e8re, lan\u00e7ait-il encore, de \u00ab contribuer de mani\u00e8re positive et mettre l\u2019int\u00e9r\u00eat global au-dessus des int\u00e9r\u00eats individuels \u00bb. Paradoxalement, jusqu\u2019\u00e0 la crise universelle, le chauve italo-suisse voulait imposer co\u00fbte que co\u00fbte un projet de championnat du monde des clubs qui aurait surcharg\u00e9 davantage le calendrier et menac\u00e9 grandement un \u00e9quilibre des pouvoirs d\u00e9j\u00e0 fragile entre les continents.\u00a0<br \/>Partout, et notamment en France o\u00f9 le d\u00e9bat est le plus intense, on souligne notamment que le mod\u00e8le \u00e9conomique et, par cons\u00e9quent, son organisation, doivent changer. Ici ou l\u00e0, on appelle \u00e0 une action volontariste visant \u00e0 construire un football plus fort, \u00e9conomiquement plus sain et moins d\u00e9pendant des droits TV. Autrement dit, appliquer la \u00ab strat\u00e9gie du choc \u00bb d\u00e9velopp\u00e9e par l\u2019essayiste am\u00e9ricaine Naomi Klein. Selon elle, lorsqu\u2019une crise exog\u00e8ne intervient, comme c\u2019est le cas du coronavirus et de ses variants, il faudrait alors en profiter pour modifier l\u2019int\u00e9rieur m\u00eame des structures, dans le cas pr\u00e9sent, celles du football cens\u00e9es \u00eatre peu touch\u00e9es par les ph\u00e9nom\u00e8nes ext\u00e9rieurs, et donc fonctionner en autarcie.\u00a0<br \/>Quid alors du football alg\u00e9rien et, au sommet de sa pyramide, la FAF ? On conna\u00eet ses probl\u00e8mes structurels, l\u2019inexistence de mod\u00e8le \u00e9conomique digne de ce nom, son organisation obsol\u00e8te, son absence de syst\u00e8me de formation, son arbitrage de faible niveau g\u00e9n\u00e9ral, ses stades ant\u00e9diluviens, son management anachronique et ses circuits de financement le plus souvent opaques. Sans compter, derri\u00e8re, un syst\u00e8me de communication embryonnaire, superficiel et parcellaire. Surtout incongru \u00e0 l\u2019\u00e8re du num\u00e9rique, alors que les TIC ont favoris\u00e9 la propagation du concept de disruption au-del\u00e0 m\u00eame de la sph\u00e8re \u00e9conomique.\u00a0<br \/>C\u2019est d\u00e9foncer une porte ouverte que de rappeler alors que le foot alg\u00e9rien est pauvre, \u00e0 tous les points de vue, derri\u00e8re la richesse, dans tous les sens du terme, de l\u2019EN de Belmadi. Son mod\u00e8le \u00e9conomique, en fait le non-mod\u00e8le \u00e9conomique, est, hors implication du secteur public \u00e9conomique dans le foot de l\u2019\u00e9lite, d\u00e9r\u00e9gul\u00e9, engag\u00e9 dans une dangereuse spirale sp\u00e9culative, accentu\u00e9e par de l\u2019argent rarement tra\u00e7able. Il faudrait donc, et ce n\u2019est pas la moindre des missions, encourager r\u00e9solument le d\u00e9veloppement \u00e9conomique des clubs et \u00e9difier des stades aux normes internationales. Cr\u00e9er de l\u2019animation \u00e9conomique et culturelle autour de ses structures qui doivent \u00eatre con\u00e7ues comme des espaces de convivialit\u00e9, des aires culturelles et de socialisation et des outils \u00e9conomiques\u00a0 g\u00e9n\u00e9rateurs de revenus.\u00a0<br \/>Par-dessus tout, la popularit\u00e9 du foot doit \u00eatre plac\u00e9e au centre des pr\u00e9occupations g\u00e9n\u00e9rales de coh\u00e9sion sociale. Le foot est une pratique de masse et un spectacle de masse, rappel \u00e9vident. Un investissement hautement symbolique et \u00e9minemment politique. Plus que jamais, il doit affirmer son r\u00f4le social et citoyen. La puissance publique doit elle-m\u00eame mettre en \u0153uvre les valeurs universelles du football, en aidant la FAF, entre autres actions civiques, \u00e0 pacifier les stades et \u00e0 responsabiliser l\u2019ensemble de la cha\u00eene d\u2019acteurs. Bref, renforcer puissamment la l\u00e9gitimit\u00e9 de l\u2019instance f\u00e9d\u00e9rale d\u00e9sormais amen\u00e9e \u00e0 conduire une r\u00e9forme progressiste et progressive de la gouvernance du foot. Sur la base d\u2019un processus ordonn\u00e9, apais\u00e9, consensuel. En somme, mobiliser toutes les \u00e9nergies et favoriser les synergies entre foot professionnel et foot amateur, en faveur d\u2019une r\u00e9volution professionnelle et d\u00e9mocratique sereine.\u00a0<br \/><em><strong>N. K.\u00a0<\/strong><\/em><\/p>\n<p>Auteur:<br \/>\n<a href=\"https:\/\/www.lesoirdalgerie.com\/point-virgule\/construire-la-faf-du-futur-59509\">Cliquez ici pour lire l&rsquo;article depuis sa source.<\/a><\/p>\n","protected":false},"excerpt":{"rendered":"<p>C\u2019est verser dans le truisme que de dire que la FAF, la sensible et strat\u00e9gique F\u00e9d\u00e9ration alg\u00e9rienne de football, aura, jeudi soir, entre ftour et shor de Ramadhan, un nouveau patron. Un profil in\u00e9dit \u00e0 sa t\u00eate ; bref, un nouveau visage, une t\u00eate de top-manager, venu du monde de l\u2019entreprise publique o\u00f9 il a [&hellip;]<\/p>\n","protected":false},"author":1741,"featured_media":0,"comment_status":"closed","ping_status":"closed","sticky":false,"template":"","format":"standard","meta":{"fifu_image_url":"","fifu_image_alt":"","footnotes":""},"categories":[73,53],"tags":[],"class_list":["post-114840","post","type-post","status-publish","format-standard","hentry","category-actualite","category-algerie"],"_links":{"self":[{"href":"https:\/\/linitiative.ca\/International\/wp-json\/wp\/v2\/posts\/114840","targetHints":{"allow":["GET"]}}],"collection":[{"href":"https:\/\/linitiative.ca\/International\/wp-json\/wp\/v2\/posts"}],"about":[{"href":"https:\/\/linitiative.ca\/International\/wp-json\/wp\/v2\/types\/post"}],"author":[{"embeddable":true,"href":"https:\/\/linitiative.ca\/International\/wp-json\/wp\/v2\/users\/1741"}],"replies":[{"embeddable":true,"href":"https:\/\/linitiative.ca\/International\/wp-json\/wp\/v2\/comments?post=114840"}],"version-history":[{"count":0,"href":"https:\/\/linitiative.ca\/International\/wp-json\/wp\/v2\/posts\/114840\/revisions"}],"wp:attachment":[{"href":"https:\/\/linitiative.ca\/International\/wp-json\/wp\/v2\/media?parent=114840"}],"wp:term":[{"taxonomy":"category","embeddable":true,"href":"https:\/\/linitiative.ca\/International\/wp-json\/wp\/v2\/categories?post=114840"},{"taxonomy":"post_tag","embeddable":true,"href":"https:\/\/linitiative.ca\/International\/wp-json\/wp\/v2\/tags?post=114840"}],"curies":[{"name":"wp","href":"https:\/\/api.w.org\/{rel}","templated":true}]}}