{"id":114842,"date":"2021-04-13T12:38:42","date_gmt":"2021-04-13T16:38:42","guid":{"rendered":"https:\/\/linitiative.ca\/International\/mobilite-electrifiee-mercedes-maroc-deploie-sa-gamme-de-vehicules-hybrides-rechargeables\/"},"modified":"2021-04-13T12:38:42","modified_gmt":"2021-04-13T16:38:42","slug":"mobilite-electrifiee-mercedes-maroc-deploie-sa-gamme-de-vehicules-hybrides-rechargeables","status":"publish","type":"post","link":"https:\/\/linitiative.ca\/International\/mobilite-electrifiee-mercedes-maroc-deploie-sa-gamme-de-vehicules-hybrides-rechargeables\/","title":{"rendered":"Mobilit\u00e9 \u00e9lectrifi\u00e9e : Mercedes Maroc d\u00e9ploie sa gamme de v\u00e9hicules hybrides rechargeables"},"content":{"rendered":"<p><strong>S\u2019inscrire dans la voie de la mobilit\u00e9 \u00e9lectrifi\u00e9e, telle est l\u2019ambition que s\u2019est assign\u00e9e dans le Royaume Auto Nejma. L\u2019importateur attitr\u00e9 de Mercedes-Benz propose d\u00e9sormais cinq nouveaux mod\u00e8les hybrides rechargeables \u00e0 l\u2019attention de sa client\u00e8le. De quoi effectuer un premier pas d\u00e9cisif en mati\u00e8re de conduite sans \u00e9missions polluantes.<\/strong><\/p>\n<div class=\"c10\">\n<\/div>\n<p>Le march\u00e9 des v\u00e9hicules \u00e0 mobilit\u00e9 propre ne cesse de gagner du terrain dans le monde, sachant que de nombreux constructeurs automobiles se sont engouffr\u00e9s dans cette voie. Outre le fait de viser la neutralit\u00e9 carbone \u00e0 l\u2019aube de l\u2019ann\u00e9e 2039, la firme \u00e0 l\u2019\u00e9toile poursuit m\u00e9thodiquement sa strat\u00e9gie d\u2019\u00e9lectrification. Ainsi, tous ses mod\u00e8les seront \u00e9lectriques ou hybrides d\u2019ici l\u2019ann\u00e9e prochaine. Justement, au rayon hybride rechargeable, Mercedes peut compter sur sa gamme de v\u00e9hicules badg\u00e9s \u00abEQ Power\u00bb. Sous ce label, la marque propose aussi bien des solutions essence-\u00e9lectricit\u00e9 que diesel-\u00e9lectricit\u00e9 selon les mod\u00e8les, le tout assorti d\u2019une prise de recharge externe.<\/p>\n<p><strong>Lire aussi | <a href=\"https:\/\/www.challenge.ma\/sm-le-roi-lance-loperation-de-soutien-alimentaire-ramadan-1442-181430\/\">SM le Roi lance l\u2019op\u00e9ration de soutien alimentaire \u00abRamadan 1442\u00bb<\/a><\/strong><\/p>\n<p>Avantage de l\u2019hybride rechargeable, les batteries et le moteur \u00e9lectrique des v\u00e9hicules dot\u00e9s de cette technologie sont relativement performants, offrant \u00a0la possibilit\u00e9 de\u00a0rouler plusieurs dizaines de kilom\u00e8tres en milieu urbain sans griller la moindre goutte de carburant. Elles permettent aussi d\u2019abattre du kilom\u00e8tre sur de longs trajets sans aucune appr\u00e9hension, li\u00e9e \u00e0 l\u2019autonomie (gr\u00e2ce au bloc thermique).<\/p>\n<p>Parmi les points forts de l\u2019hybride rechargeable, le co\u00fbt d\u2019utilisation s\u2019av\u00e8re int\u00e9ressant. Compte tenu du fait que le moteur thermique n\u2019est que tr\u00e8s peu sollicit\u00e9 au quotidien, la consommation de carburant demeure faible\u00a0; du coup le bloc s\u2019use moins. Par ailleurs, le co\u00fbt au kilom\u00e8tre d\u2019un tel engin peut baisser drastiquement par rapport \u00e0 celui d\u2019un bloc essence ou diesel. Mais cette technologie a un prix.<\/p>\n<p><strong>Lire aussi | <a href=\"https:\/\/www.challenge.ma\/le-francais-orange-determine-a-developper-ses-activites-a-casa-finance-city-180516\/\">Le fran\u00e7ais Orange d\u00e9termin\u00e9 \u00e0 d\u00e9velopper ses activit\u00e9s \u00e0 Casa Finance City<\/a><\/strong><\/p>\n<p>\u00c0 titre de comparaison, la grille tarifaire d\u2019un Mercedes GLC diesel classique oscille entre 475\u00a0000 et 760\u00a0000 DH. Son homologue hybride rechargeable dispose de tarifs nettement plus hauts perch\u00e9s se situant entre 615\u00a0000 et 870\u00a0000 DH. Cinq mod\u00e8les hybrides rechargeables qui sont disponibles depuis peu dans le r\u00e9seau d\u2019Auto Nejma au rang desquels \u00a0la Classe E, leGLC, leGLC Coup\u00e9, le GLE et leGLE Coup\u00e9.<\/p>\n<p>Quant \u00e0 la recharge, elle peut s\u2019effectuer de fa\u00e7on raisonnable sur une prise de courant domestique\u00a0; \u00e0 moins d\u2019opter pour une \u00ab\u00a0Home Wallbox\u00a0\u00bb estampill\u00e9e Mercedes. Restent les bornes de recharge publiques (une soixantaine d\u2019appareils sur l\u2019ensemble du territoire) qui permettent de recharger son v\u00e9hicule.<\/p>\n<p>Auteur: David J\u00e9r\u00e9mie<br \/>\n<a href=\"https:\/\/www.challenge.ma\/mobilite-electrifiee-mercedes-maroc-deploie-sa-gamme-de-vehicules-hybrides-rechargeables-181450\/\">Cliquez ici pour lire l&rsquo;article depuis sa source.<\/a><\/p>\n","protected":false},"excerpt":{"rendered":"<p>S\u2019inscrire dans la voie de la mobilit\u00e9 \u00e9lectrifi\u00e9e, telle est l\u2019ambition que s\u2019est assign\u00e9e dans le Royaume Auto Nejma. L\u2019importateur attitr\u00e9 de Mercedes-Benz propose d\u00e9sormais cinq nouveaux mod\u00e8les hybrides rechargeables \u00e0 l\u2019attention de sa client\u00e8le. De quoi effectuer un premier pas d\u00e9cisif en mati\u00e8re de conduite sans \u00e9missions polluantes. Le march\u00e9 des v\u00e9hicules \u00e0 mobilit\u00e9 [&hellip;]<\/p>\n","protected":false},"author":1787,"featured_media":0,"comment_status":"closed","ping_status":"closed","sticky":false,"template":"","format":"standard","meta":{"fifu_image_url":"","fifu_image_alt":"","footnotes":""},"categories":[78,54],"tags":[],"class_list":["post-114842","post","type-post","status-publish","format-standard","hentry","category-economie","category-maroc"],"_links":{"self":[{"href":"https:\/\/linitiative.ca\/International\/wp-json\/wp\/v2\/posts\/114842","targetHints":{"allow":["GET"]}}],"collection":[{"href":"https:\/\/linitiative.ca\/International\/wp-json\/wp\/v2\/posts"}],"about":[{"href":"https:\/\/linitiative.ca\/International\/wp-json\/wp\/v2\/types\/post"}],"author":[{"embeddable":true,"href":"https:\/\/linitiative.ca\/International\/wp-json\/wp\/v2\/users\/1787"}],"replies":[{"embeddable":true,"href":"https:\/\/linitiative.ca\/International\/wp-json\/wp\/v2\/comments?post=114842"}],"version-history":[{"count":0,"href":"https:\/\/linitiative.ca\/International\/wp-json\/wp\/v2\/posts\/114842\/revisions"}],"wp:attachment":[{"href":"https:\/\/linitiative.ca\/International\/wp-json\/wp\/v2\/media?parent=114842"}],"wp:term":[{"taxonomy":"category","embeddable":true,"href":"https:\/\/linitiative.ca\/International\/wp-json\/wp\/v2\/categories?post=114842"},{"taxonomy":"post_tag","embeddable":true,"href":"https:\/\/linitiative.ca\/International\/wp-json\/wp\/v2\/tags?post=114842"}],"curies":[{"name":"wp","href":"https:\/\/api.w.org\/{rel}","templated":true}]}}