{"id":114845,"date":"2021-04-13T13:40:09","date_gmt":"2021-04-13T17:40:09","guid":{"rendered":"https:\/\/linitiative.ca\/International\/ramadan-voici-les-nouveaux-horaires-du-tramway-a-casablanca\/"},"modified":"2021-04-13T13:40:09","modified_gmt":"2021-04-13T17:40:09","slug":"ramadan-voici-les-nouveaux-horaires-du-tramway-a-casablanca","status":"publish","type":"post","link":"https:\/\/linitiative.ca\/International\/ramadan-voici-les-nouveaux-horaires-du-tramway-a-casablanca\/","title":{"rendered":"Ramadan :  voici les nouveaux horaires du tramway \u00e0 Casablanca"},"content":{"rendered":"<p><strong>Le tramway casablancais vient de r\u00e9am\u00e9nager ses horaires \u00e0 l\u2019approche du mois sacr\u00e9 de Ramadan qui d\u00e9marre mercredi 14 avril.<\/strong> <strong>Les d\u00e9tails.<\/strong><\/p>\n<div class=\"c10\">\n<\/div>\n<p>On apprend que les horaires du Tramway de Casablanca seront modifi\u00e9s pour s\u2019adapter au mois sacr\u00e9 de Ramadan, en tenant compte des mesures des autorit\u00e9s qui vont entrer en vigueur mercredi. \u00ab\u00a0Tenant compte des mesures des autorit\u00e9s entrant en vigueur mercredi 14 avril, notamment le couvre-feu de 20H00 \u00e0 06h00, les horaires des derniers d\u00e9parts du tramway seront modifi\u00e9s\u00a0\u00bb, pr\u00e9cisent RATP DEV Casablanca, Casa transport et la commune de Casablanca.<\/p>\n<p><strong>Lire aussi| <a href=\"https:\/\/www.challenge.ma\/dividendes-attijari-global-research-sattend-a-une-distribution-historique-181300\/\">Dividendes : Attijari Global Research s\u2019attend \u00e0 une distribution historique<\/a><\/strong><\/p>\n<p>Notons ainsi que le premier d\u00e9part du T1 sera \u00e0 05H45 du lundi au samedi, et \u00e0 06h00 les dimanches, celui du T2 aura lieu \u00e0 05H45 du lundi au vendredi, et \u00e0 06H00 les samedis et dimanches, alors que les derniers d\u00e9parts pour les deux lignes sont pr\u00e9vus \u00e0 17H40.<\/p>\n<p><strong>Lire aussi| <a href=\"https:\/\/www.challenge.ma\/le-mois-sacre-de-ramadan-debutera-mercredi-au-maroc-181346\/\">Le mois sacr\u00e9 de Ramadan d\u00e9butera mercredi au Maroc<\/a><\/strong><\/p>\n<p>Auteur: challenge<br \/>\n<a href=\"https:\/\/www.challenge.ma\/ramadan-voici-les-nouveaux-horaires-du-tramway-a-casablanca-181478\/\">Cliquez ici pour lire l&rsquo;article depuis sa source.<\/a><\/p>\n","protected":false},"excerpt":{"rendered":"<p>Le tramway casablancais vient de r\u00e9am\u00e9nager ses horaires \u00e0 l\u2019approche du mois sacr\u00e9 de Ramadan qui d\u00e9marre mercredi 14 avril. Les d\u00e9tails. On apprend que les horaires du Tramway de Casablanca seront modifi\u00e9s pour s\u2019adapter au mois sacr\u00e9 de Ramadan, en tenant compte des mesures des autorit\u00e9s qui vont entrer en vigueur mercredi. \u00ab\u00a0Tenant compte [&hellip;]<\/p>\n","protected":false},"author":1787,"featured_media":0,"comment_status":"closed","ping_status":"closed","sticky":false,"template":"","format":"standard","meta":{"fifu_image_url":"","fifu_image_alt":"","footnotes":""},"categories":[78,54],"tags":[],"class_list":["post-114845","post","type-post","status-publish","format-standard","hentry","category-economie","category-maroc"],"_links":{"self":[{"href":"https:\/\/linitiative.ca\/International\/wp-json\/wp\/v2\/posts\/114845","targetHints":{"allow":["GET"]}}],"collection":[{"href":"https:\/\/linitiative.ca\/International\/wp-json\/wp\/v2\/posts"}],"about":[{"href":"https:\/\/linitiative.ca\/International\/wp-json\/wp\/v2\/types\/post"}],"author":[{"embeddable":true,"href":"https:\/\/linitiative.ca\/International\/wp-json\/wp\/v2\/users\/1787"}],"replies":[{"embeddable":true,"href":"https:\/\/linitiative.ca\/International\/wp-json\/wp\/v2\/comments?post=114845"}],"version-history":[{"count":0,"href":"https:\/\/linitiative.ca\/International\/wp-json\/wp\/v2\/posts\/114845\/revisions"}],"wp:attachment":[{"href":"https:\/\/linitiative.ca\/International\/wp-json\/wp\/v2\/media?parent=114845"}],"wp:term":[{"taxonomy":"category","embeddable":true,"href":"https:\/\/linitiative.ca\/International\/wp-json\/wp\/v2\/categories?post=114845"},{"taxonomy":"post_tag","embeddable":true,"href":"https:\/\/linitiative.ca\/International\/wp-json\/wp\/v2\/tags?post=114845"}],"curies":[{"name":"wp","href":"https:\/\/api.w.org\/{rel}","templated":true}]}}