{"id":114850,"date":"2021-04-13T17:18:13","date_gmt":"2021-04-13T21:18:13","guid":{"rendered":"https:\/\/linitiative.ca\/International\/tunisie-pdl-abir-moussi-a-adresse-a-kais-saied-cette-demande\/"},"modified":"2021-04-13T17:18:13","modified_gmt":"2021-04-13T21:18:13","slug":"tunisie-pdl-abir-moussi-a-adresse-a-kais-saied-cette-demande","status":"publish","type":"post","link":"https:\/\/linitiative.ca\/International\/tunisie-pdl-abir-moussi-a-adresse-a-kais-saied-cette-demande\/","title":{"rendered":"Tunisie-PDL: Abir Moussi a adress\u00e9 \u00e0 Kais Saied cette demande"},"content":{"rendered":"<div class=\"post-cont-in left relative\">\n<div id=\"post-info-wrap\" class=\"left relative post-info-out\">\n<div class=\"post-info-img left relative\"><img decoding=\"async\" alt=\"\" src=\"https:\/\/secure.gravatar.com\/avatar\/ea481d7287ad38ca1787f44b5bb1b70e?s=50&amp;d=mm&amp;r=g\" srcset=\"https:\/\/secure.gravatar.com\/avatar\/ea481d7287ad38ca1787f44b5bb1b70e?s=100&amp;d=mm&amp;r=g 2x\" class=\"avatar avatar-50 photo\" height=\"50\" width=\"50\" loading=\"lazy\"\/><\/div>\n<div class=\"post-info-in\">\n<div class=\"post-info-right left relative post-info-name left relative\"><span><span class=\"post-info-text\">Par<\/span> <span class=\"author-name vcard fn author\"><a href=\"https:\/\/www.tunisienumerique.com\/author\/rania-ben-slimane\/\" title=\"Articles par rania ben slimane\" rel=\"author\">rania ben slimane<\/a><\/span><\/span> <span class=\"post-date updated\"><time class=\"post-date updated\" datetime=\"2021-04-13\">\u00a0| Il y a 6 secondes<\/time><\/span><br \/>\n<meta itemprop=\"dateModified\" content=\"2021-04-13\"\/><\/div>\n<div class=\"left relative\"><button id=\"listenButton1\" class=\"responsivevoice-button\" type=\"button\" value=\"Play\" title=\"\u00c9coutez l'article\"><span>\ud83d\udd0a \u00c9coutez l&rsquo;article<\/span><\/button>\n<\/div>\n<\/div>\n<\/div>\n<p>Le Parti\u00a0 Destourien Libre a annonc\u00e9 dans un communiqu\u00e9 rendu public le 13 avril 2021, qu\u2019il a adress\u00e9 une correspondance \u00e0 Kais Saied, en sa qualit\u00e9 de Pr\u00e9sident de la R\u00e9publique et chef du Conseil de S\u00e9curit\u00e9 Nationale, d\u2019utiliser ses pouvoirs constitutionnelles dans le domaine de la politique \u00e9trang\u00e8re pour pr\u00e9senter un projet de loi au comit\u00e9 nationale de lutte contre le terrorisme.<\/p>\n<div class=\"code-block code-block-1 c4\">\n <ins class=\"adsbygoogle c3\" data-ad-layout=\"in-article\" data-ad-format=\"fluid\" data-ad-client=\"ca-pub-2102118777505746\" data-ad-slot=\"7301775417\"\/>\n<\/div>\n<p>En effet, sur la base de ce projet de loi, le comit\u00e9 classera l\u2019Union Internationale des Oul\u00e9mas Musulmans- branche de Tunisie, l\u2019Association Qatar Charity (El Khairiah) \u2013branche de Tunisie et l\u2019Organisation du Secours Islamique-branche de Tunisie, en tant qu\u2019organisations en relation avec les crimes terroristes et pionni\u00e8res dans les op\u00e9rations de blanchiment d\u2019argent.<\/p>\n<p>De ce fait, tous les avoirs desdites associations et de ses dirigeants en Tunisie seront saisis et gel\u00e9s, avec le renvoi de ces fondateurs au minist\u00e8re public conform\u00e9ment aux dispositions de la loi n\u00b026 de l\u2019ann\u00e9e 2015, du 07 aout 2015 relative \u00e0 la lutte contre le terrorisme et le blanchiment d\u2019argent.<\/p>\n<p><img decoding=\"async\" loading=\"lazy\" class=\"wp-image-650981 aligncenter\" src=\"https:\/\/www.tunisienumerique.com\/wp-content\/uploads\/2021\/04\/communique-PDL-1.jpg\" alt=\"\" width=\"472\" height=\"661\" srcset=\"https:\/\/www.tunisienumerique.com\/wp-content\/uploads\/2021\/04\/communique-PDL-1.jpg 909w, https:\/\/www.tunisienumerique.com\/wp-content\/uploads\/2021\/04\/communique-PDL-1-768x1076.jpg 768w, https:\/\/www.tunisienumerique.com\/wp-content\/uploads\/2021\/04\/communique-PDL-1-600x840.jpg 600w\" sizes=\"auto, (max-width: 472px) 100vw, 472px\"\/><\/p>\n<div class=\"swp_social_panel swp_horizontal_panel swp_flat_fresh swp_default_full_color swp_individual_full_color swp_other_full_color scale-100 scale-\" data-min-width=\"1100\" data-float-color=\"#ffffff\" data-float=\"bottom\" data-float-mobile=\"bottom\" data-transition=\"slide\">\n<div class=\"nc_tweetContainer swp_share_button total_shares total_sharesalt\"><span class=\"swp_count\">0 <span class=\"swp_label\">Partages<\/span><\/span><\/div>\n<\/div>\n<p><strong>Que se passe-t-il en Tunisie?<\/strong><br \/>Nous expliquons sur notre <a href=\"https:\/\/www.youtube.com\/channel\/UCRzypVq0B_yBad5eGrwBx0Q?sub_confirmation=1\" target=\"_blank\" rel=\"noopener\">cha\u00eene YouTube<\/a> . <a href=\"https:\/\/www.youtube.com\/channel\/UCRzypVq0B_yBad5eGrwBx0Q?sub_confirmation=1\" target=\"_blank\" rel=\"noopener\">Abonnez-vous!<\/a><\/p>\n<div class=\"mvp-org-wrap\" itemprop=\"publisher\">\n<div class=\"mvp-org-logo\" itemprop=\"logo\"><img decoding=\"async\" src=\"https:\/\/www.tunisienumerique.com\/wp-content\/uploads\/2017\/02\/logo_tunisie_numerique.png\"\/><br \/>\n<meta itemprop=\"url\" content=\"https:\/\/www.tunisienumerique.com\/wp-content\/uploads\/2017\/02\/logo_tunisie_numerique.png\"\/><\/div>\n<p><meta content=\"Tunisie\"\/><\/div>\n<div class=\"mvp-related-posts left relative\">\n<h4 class=\"post-header\"><span class=\"post-header\">Lire aussi<\/span><\/h4>\n<\/div>\n<div id=\"article-ad\">\n <ins class=\"adsbygoogle c5\" data-ad-client=\"ca-pub-2102118777505746\" data-ad-slot=\"6513972734\" data-ad-format=\"auto\" data-full-width-responsive=\"true\"\/>\n<\/div>\n<\/div>\n<div id=\"post-sidebar-wrap\">\n <ins class=\"adsbygoogle c5\" data-ad-client=\"ca-pub-2102118777505746\" data-ad-slot=\"6168283410\" data-ad-format=\"auto\" data-full-width-responsive=\"true\"\/>\n<\/div>\n<p>Auteur: rania ben slimane<br \/>\n<a href=\"https:\/\/www.tunisienumerique.com\/tunisie-pdl-abir-moussi-a-adresse-a-kais-saied-cette-demande\/\">Cliquez ici pour lire l&rsquo;article depuis sa source.<\/a><\/p>\n","protected":false},"excerpt":{"rendered":"<p>Par rania ben slimane \u00a0| Il y a 6 secondes \ud83d\udd0a \u00c9coutez l&rsquo;article Le Parti\u00a0 Destourien Libre a annonc\u00e9 dans un communiqu\u00e9 rendu public le 13 avril 2021, qu\u2019il a adress\u00e9 une correspondance \u00e0 Kais Saied, en sa qualit\u00e9 de Pr\u00e9sident de la R\u00e9publique et chef du Conseil de S\u00e9curit\u00e9 Nationale, d\u2019utiliser ses pouvoirs constitutionnelles [&hellip;]<\/p>\n","protected":false},"author":1789,"featured_media":0,"comment_status":"closed","ping_status":"closed","sticky":false,"template":"","format":"standard","meta":{"fifu_image_url":"https:\/\/secure.gravatar.com\/avatar\/ea481d7287ad38ca1787f44b5bb1b70e?s=50&d=mm&r=g","fifu_image_alt":"Tunisie-PDL: Abir Moussi a adress\u00e9 \u00e0 Kais Saied cette demande","footnotes":""},"categories":[73,55],"tags":[],"class_list":["post-114850","post","type-post","status-publish","format-standard","hentry","category-actualite","category-tunisie"],"_links":{"self":[{"href":"https:\/\/linitiative.ca\/International\/wp-json\/wp\/v2\/posts\/114850","targetHints":{"allow":["GET"]}}],"collection":[{"href":"https:\/\/linitiative.ca\/International\/wp-json\/wp\/v2\/posts"}],"about":[{"href":"https:\/\/linitiative.ca\/International\/wp-json\/wp\/v2\/types\/post"}],"author":[{"embeddable":true,"href":"https:\/\/linitiative.ca\/International\/wp-json\/wp\/v2\/users\/1789"}],"replies":[{"embeddable":true,"href":"https:\/\/linitiative.ca\/International\/wp-json\/wp\/v2\/comments?post=114850"}],"version-history":[{"count":0,"href":"https:\/\/linitiative.ca\/International\/wp-json\/wp\/v2\/posts\/114850\/revisions"}],"wp:attachment":[{"href":"https:\/\/linitiative.ca\/International\/wp-json\/wp\/v2\/media?parent=114850"}],"wp:term":[{"taxonomy":"category","embeddable":true,"href":"https:\/\/linitiative.ca\/International\/wp-json\/wp\/v2\/categories?post=114850"},{"taxonomy":"post_tag","embeddable":true,"href":"https:\/\/linitiative.ca\/International\/wp-json\/wp\/v2\/tags?post=114850"}],"curies":[{"name":"wp","href":"https:\/\/api.w.org\/{rel}","templated":true}]}}