{"id":114852,"date":"2021-04-13T16:05:55","date_gmt":"2021-04-13T20:05:55","guid":{"rendered":"https:\/\/linitiative.ca\/International\/proces-du-bombardement-de-bouake-en-france\/"},"modified":"2021-04-13T16:05:55","modified_gmt":"2021-04-13T20:05:55","slug":"proces-du-bombardement-de-bouake-en-france","status":"publish","type":"post","link":"https:\/\/linitiative.ca\/International\/proces-du-bombardement-de-bouake-en-france\/","title":{"rendered":"PROCES DU BOMBARDEMENT DE BOUAKE EN FRANCE"},"content":{"rendered":"<p class=\"c4\"><em>Ouvert le 29 mars 2021 devant la Cour d\u2019assises de Paris, le proc\u00e8s des pilotes poursuivis pour assassinats, tentative d\u2019assassinats et destruction de biens, dans le bombardement d\u2019un camp militaire fran\u00e7ais de la force Licorne \u00e0 Bouak\u00e9, dans le Nord de la C\u00f4te d\u2019Ivoire, se poursuit, avec l\u2019audition de membres de l\u2019Ex\u00e9cutif fran\u00e7ais de l\u2019\u00e9poque, entendus comme t\u00e9moins. Il s\u2019agit de Michel Barnier, ministre des Affaires \u00e9trang\u00e8res, Dominique de Villepin, ministre de l\u2019int\u00e9rieur et Michel Alliot Marie, ministre de la D\u00e9fense \u00e0 l\u2019\u00e9poque des faits. \u00a0Pour certaines parties civiles, ces membres du gouvernement Raffarin n\u2019ont pas mouill\u00e9\u2026 la veste de la diplomatie encore moins le treillis de la D\u00e9fense et de la s\u00e9curit\u00e9 pour retrouver les coupables. Mieux, en raison des responsabilit\u00e9s qui \u00e9taient les leurs \u00e0 l\u2019\u00e9poque des faits, certains pensent qu\u2019ils ont forc\u00e9ment\u00a0 jou\u00e9 un r\u00f4le dans cette affaire qui tarde \u00e0 livrer ses secrets. Et l\u2019\u00e9pisode des Bi\u00e9lorusses arr\u00eat\u00e9s au Togo et myst\u00e9rieusement rel\u00e2ch\u00e9s apr\u00e8s avoir \u00e9t\u00e9 mis pendant deux semaines \u00e0 la disposition de Paris par Lom\u00e9,\u00a0 en raison de forts soup\u00e7ons de participation au raid qui a co\u00fbt\u00e9 la vie \u00e0 neuf soldats fran\u00e7ais et un civil am\u00e9ricain, vient en rajouter \u00e0 l\u2019incompr\u00e9hension de bien des observateurs.<\/em><\/p>\n<p class=\"c4\"><em>\u00a0<\/em><\/p>\n<p class=\"c6\"><strong><em>Dans ce jeu de ping-pong o\u00f9 les parties se renvoient la balle, il est difficile de situer clairement les responsabilit\u00e9s<\/em><\/strong><\/p>\n<p class=\"c4\"><em>\u00a0<\/em><\/p>\n<p class=\"c4\"><em>Premier des trois \u00e0 compara\u00eetre, le 12 avril dernier, le chef de la diplomatie fran\u00e7aise de l\u2019\u00e9poque, a purement et simplement renvoy\u00e9 la responsabilit\u00e9 de la lib\u00e9ration des pilotes bi\u00e9lorusses sur l\u2019Elys\u00e9e. Arguant \u00a0du fait qu\u2019il n\u2019\u00e9tait au courant de rien, \u00e9tant donn\u00e9 qu\u2019\u00e0 sa prise de fonction, le pr\u00e9sident Jacques Chirac lui aurait oppos\u00e9 une fin de non-recevoir quand il a voulu s\u2019investir dans le dossier ivoirien. \u00ab\u00a0J\u2019ai compris \u00e0 ce moment-l\u00e0 que cela se g\u00e9rerait au niveau du cabinet du chef de l\u2019Etat et des autorit\u00e9s militaires\u00a0\u00bb, s\u2019est d\u00e9fendu Michel Barnier. Un t\u00e9moignage battu en br\u00e8che par le chef d\u2019\u00e9tat-major particulier du pr\u00e9sident Chirac, le G\u00e9n\u00e9ral Georgelin, pour qui cet \u00e9pisode togolais \u00ab\u00a0concernait les minist\u00e8res des Affaires \u00e9trang\u00e8res, de la D\u00e9fense et les Affaires juridiques\u00a0\u00bb. Rejetant toute responsabilit\u00e9 de l\u2019Elys\u00e9e, le chef de la cellule Afrique de l\u2019\u00e9poque, Michel de Bonnecorse, affirme, quant \u00e0 lui, que le dossier togolais a \u00e9t\u00e9 trait\u00e9 par le minist\u00e8re de l\u2019Int\u00e9rieur alors dirig\u00e9 par Dominique de Villepin. Appel\u00e9 \u00e0 la barre le 13 avril dernier, ce dernier a d\u00e9clin\u00e9 toute responsabilit\u00e9 en disant que son minist\u00e8re n\u2019avait pas de comp\u00e9tence pour g\u00e9rer ce dossier.\u00a0 Pour lui, le \u00ab\u00a0triangle de responsabilit\u00e9s\u00a0\u00bb se situait \u00e0 l\u2019Elys\u00e9e, \u00e0 la D\u00e9fense et aux Affaires \u00e9trang\u00e8res. A sa suite, \u00a0la ministre de la D\u00e9fense d\u2019alors, Mich\u00e8le Alliot Marie, dira devant le tribunal, avoir ressenti une immense col\u00e8re quand elle a appris la trag\u00e9die et a imm\u00e9diatement appel\u00e9 le chef de l\u2019Etat.<\/em> <em>Le moins que l\u2019on puisse dire, c\u2019est qu\u2019\u00e0 mesure que l\u2019on \u00e9coute les t\u00e9moignages de ces personnalit\u00e9s fran\u00e7aises de premier plan, le myst\u00e8re s\u2019\u00e9paissit. Il s\u2019\u00e9paissit d\u2019autant plus que dans ce jeu de ping-pong o\u00f9 les parties se renvoient la balle, il est difficile de situer clairement les responsabilit\u00e9s.<\/em><\/p>\n<p class=\"c4\"><em>\u00a0<\/em><\/p>\n<p class=\"c6\"><strong><em>Tant que la lumi\u00e8re ne sera pas faite, le doute planera sur Paris qui n\u2019est pas \u00e0 son premier dossier sombre en Afrique<\/em><\/strong><\/p>\n<p class=\"c4\"><em>\u00a0<\/em><\/p>\n<p class=\"c4\"><em>Cons\u00e9quence, \u00e0 l\u2019\u00e9tape actuelle du proc\u00e8s, on ne sait toujours pas d\u2019o\u00f9 est venu l\u2019ordre de ne pas arr\u00eater les pilotes bi\u00e9lorusses qui passaient pourtant pour des \u00ab\u00a0pi\u00e8ces \u00e0 conviction \u00bb dont le t\u00e9moignage aurait sans doute \u00e9t\u00e9 capital dans la recherche de la v\u00e9rit\u00e9. Et avec la disparition du pr\u00e9sident Chirac, chef de l\u2019Etat fran\u00e7ais \u00e0 l\u2019\u00e9poque des faits, qui n\u2019est pas l\u00e0 pour donner sa version des faits, on peut craindre que le voile ne se l\u00e8ve jamais sur cette affaire qui est mal partie,\u00a0 en l\u2019absence des principaux accus\u00e9s, pour faire jaillir la lumi\u00e8re. C\u2019est dire si l\u2019on risque de se perdre encore plus en conjectures entre les tenants de la th\u00e8se de la responsabilit\u00e9 des autorit\u00e9s d\u2019Abidjan de l\u2019\u00e9poque, et ceux de la th\u00e8se du complot fran\u00e7ais qui aurait tourn\u00e9 \u00e0 la bavure, pour mieux r\u00e9gler ses comptes au pr\u00e9sident Laurent Gbagbo. Dans cet ordre d\u2019id\u00e9e, on peut se demander \u00e0 qui profite le flou qui entoure ce dossier qui commence \u00e0 prendre les allures d\u2019une affaire d\u2019Etat. C\u2019est pourquoi l\u2019on peut se demander si ces personnalit\u00e9s fran\u00e7aises qui ont pu \u00e9viter les poursuites et comparaissent seulement en tant que t\u00e9moins, ne se livrent pas \u00e0 un jeu de cache-cache pour mieux noyer le poisson. Quoi qu\u2019il en soit, tant que la lumi\u00e8re ne sera pas faite sur cette affaire, le doute planera peut-\u00eatre sur Laurent Gbagbo mais encore plus sur Paris qui n\u2019est pas \u00e0 son premier dossier sombre et autres coups tordus en Afrique.\u00a0<\/em> <em>Dans tout cela, ce sont les parents des victimes qui sont les plus \u00e0 plaindre. Eux qui demandent justice et fondaient l\u2019espoir, \u00e0 travers ce proc\u00e8s, de conna\u00eetre enfin la v\u00e9rit\u00e9 pour mieux faire le deuil de leurs disparus.\u00a0<\/em><\/p>\n<p class=\"c4\"><em>\u00a0<\/em><\/p>\n<p class=\"c6\"><strong><em>\u00a0\u00ab\u00a0Le Pays\u00a0\u00bb<\/em><\/strong><\/p>\n<p class=\"c4\"><em>\u00a0<\/em><\/p>\n<p>Auteur: Editions LEPAYS<br \/>\n<a href=\"https:\/\/lepays.bf\/proces-du-bombardement-de-bouake-en-france\/\">Cliquez ici pour lire l&rsquo;article depuis sa source.<\/a><\/p>\n","protected":false},"excerpt":{"rendered":"<p>Ouvert le 29 mars 2021 devant la Cour d\u2019assises de Paris, le proc\u00e8s des pilotes poursuivis pour assassinats, tentative d\u2019assassinats et destruction de biens, dans le bombardement d\u2019un camp militaire fran\u00e7ais de la force Licorne \u00e0 Bouak\u00e9, dans le Nord de la C\u00f4te d\u2019Ivoire, se poursuit, avec l\u2019audition de membres de l\u2019Ex\u00e9cutif fran\u00e7ais de l\u2019\u00e9poque, [&hellip;]<\/p>\n","protected":false},"author":1813,"featured_media":0,"comment_status":"closed","ping_status":"closed","sticky":false,"template":"","format":"standard","meta":{"fifu_image_url":"","fifu_image_alt":"","footnotes":""},"categories":[73,81],"tags":[],"class_list":["post-114852","post","type-post","status-publish","format-standard","hentry","category-actualite","category-burkina-faso"],"_links":{"self":[{"href":"https:\/\/linitiative.ca\/International\/wp-json\/wp\/v2\/posts\/114852","targetHints":{"allow":["GET"]}}],"collection":[{"href":"https:\/\/linitiative.ca\/International\/wp-json\/wp\/v2\/posts"}],"about":[{"href":"https:\/\/linitiative.ca\/International\/wp-json\/wp\/v2\/types\/post"}],"author":[{"embeddable":true,"href":"https:\/\/linitiative.ca\/International\/wp-json\/wp\/v2\/users\/1813"}],"replies":[{"embeddable":true,"href":"https:\/\/linitiative.ca\/International\/wp-json\/wp\/v2\/comments?post=114852"}],"version-history":[{"count":0,"href":"https:\/\/linitiative.ca\/International\/wp-json\/wp\/v2\/posts\/114852\/revisions"}],"wp:attachment":[{"href":"https:\/\/linitiative.ca\/International\/wp-json\/wp\/v2\/media?parent=114852"}],"wp:term":[{"taxonomy":"category","embeddable":true,"href":"https:\/\/linitiative.ca\/International\/wp-json\/wp\/v2\/categories?post=114852"},{"taxonomy":"post_tag","embeddable":true,"href":"https:\/\/linitiative.ca\/International\/wp-json\/wp\/v2\/tags?post=114852"}],"curies":[{"name":"wp","href":"https:\/\/api.w.org\/{rel}","templated":true}]}}