{"id":114853,"date":"2021-04-13T16:14:34","date_gmt":"2021-04-13T20:14:34","guid":{"rendered":"https:\/\/linitiative.ca\/International\/mise-en-accusation-de-blaise-compaore-dans-laffaire-thomas-sankara\/"},"modified":"2021-04-13T16:14:34","modified_gmt":"2021-04-13T20:14:34","slug":"mise-en-accusation-de-blaise-compaore-dans-laffaire-thomas-sankara","status":"publish","type":"post","link":"https:\/\/linitiative.ca\/International\/mise-en-accusation-de-blaise-compaore-dans-laffaire-thomas-sankara\/","title":{"rendered":"MISE EN ACCUSATION DE BLAISE COMPAORE DANS L\u2019AFFAIRE THOMAS SANKARA"},"content":{"rendered":"<p><em>Rouvert en 2015, \u00e0 la faveur de l\u2019insurrection populaire qui a emport\u00e9 le r\u00e9gime de Blaise Compaor\u00e9, le dossier Thomas Sankara a connu des avanc\u00e9es significatives. En effet, apr\u00e8s l\u2019inculpation d\u2019une douzaine de personnes dont Gilbert Diend\u00e9r\u00e9 et l\u2019audition d\u2019une centaine de t\u00e9moins, la Justice burkinab\u00e8 vient de mettre en accusation l\u2019ex-pr\u00e9sident Blaise Compaor\u00e9 pour \u00ab\u00a0attentat \u00e0 la s\u00fbret\u00e9 de l\u2019Etat, complicit\u00e9 d\u2019assassinat et recel de cadavres\u00a0\u00bb. La nouvelle est tomb\u00e9e le 13 avril dernier, en fin de matin\u00e9e. Rappelons qu\u2019avant son inculpation par le Tribunal militaire de Ouagadougou, Blaise Compaor\u00e9, tout comme Hyacinthe Kafando en fuite, \u00e9tait sous le coup d\u2019un mandat d\u2019arr\u00eat international dans le cadre de l\u2019affaire Thomas Sankara. Ledit mandat reste maintenu. C\u2019est dire \u00e0 quel point le fant\u00f4me du p\u00e8re de la R\u00e9volution burkinab\u00e8, trente ans apr\u00e8s, continue de hanter le sommeil de ses pr\u00e9sum\u00e9s assassins et commanditaires. Cela dit, le dossier Thomas Sankara n\u2019aurait jamais enregistr\u00e9 pareils progr\u00e8s sur le plan judiciaire si, devenu impopulaire au fil des ans, le r\u00e9gime de Blaise Compaor\u00e9 n\u2019avait pas r\u00e9ussi \u00e0 faire l\u2019unanimit\u00e9 contre lui, dans sa volont\u00e9 de r\u00e9viser l\u2019article 37 de la Constitution. La suite, on la conna\u00eet. Car, accul\u00e9 par une rue en col\u00e8re, Blaise Compaor\u00e9 a fini par larguer les amarres le 31 octobre 2014 pour se refugier \u00e0 Abidjan, en C\u00f4te d\u2019Ivoire et cela, sous les lazzis et quolibets de tout un peuple. Depuis lors, les langues avaient commenc\u00e9 \u00e0 se d\u00e9lier\u00a0; toute chose qui a permis d\u2019aboutir aux r\u00e9sultats que l\u2019on sait.<\/em><\/p>\n<p class=\"c5\"><em>\u00a0<\/em><\/p>\n<p class=\"c6\"><strong><em>On attend de voir<\/em><\/strong><\/p>\n<p class=\"c5\"><em>\u00a0<\/em><\/p>\n<p class=\"c5\"><em>Donc, pour une victoire d\u2019\u00e9tape, c\u2019en est une pour la famille Sankara et ses avocats qui n\u2019attendent d\u00e9sormais que l\u2019ouverture du proc\u00e8s pour savoir ce qui s\u2019est exactement pass\u00e9 le 15 octobre 1987. Qui a tu\u00e9 Sankara ? Qui a commandit\u00e9 sa mort ? Et \u00e0 quelles fins ? On esp\u00e8re seulement que les uns et les autres accepteront de donner leur part de v\u00e9rit\u00e9 pour qu\u2019enfin jaillisse la lumi\u00e8re dans cette affaire qui, plus de trente ans apr\u00e8s, cristallise les attentions au-del\u00e0 m\u00eame des fronti\u00e8res du Burkina. Toutefois, on ne peut s\u2019emp\u00eacher de se poser une question : quel impact la mise en accusation de Blaise Compaor\u00e9 peut-elle avoir sur le processus de r\u00e9conciliation nationale en cours au Burkina Faso ? Question \u00e0 plusieurs inconnues quand on sait que de plus en plus, des voix et pas des moindres, s\u2019\u00e9l\u00e8vent pour exiger le retour au pays de l\u2019ancien pr\u00e9sident qui, pour des raisons que chacun peut ais\u00e9ment deviner, s\u2019est octroy\u00e9 une double nationalit\u00e9. Et ce n\u2019est pas tout. Car, son fr\u00e8re cadet, Fran\u00e7ois Compaor\u00e9, est aussi sous le coup d\u2019un mandat d\u2019arr\u00eat international pour son implication pr\u00e9sum\u00e9e dans l\u2019assassinat du journaliste Norbert Zongo. Blaise et Fran\u00e7ois Compaor\u00e9 r\u00e9pondront-ils un jour devant la Justice burkinab\u00e8.\u00a0<\/em> <em>On attend de voir. Car, jusque-l\u00e0, la Justice classique, contrairement \u00e0 ce que redoutaient certains dans le cadre de la r\u00e9conciliation nationale, continue de fonctionner normalement.<\/em><\/p>\n<p class=\"c5\"><em>\u00a0<\/em><\/p>\n<p class=\"c6\"><strong><em>B.O<\/em><\/strong><\/p>\n<p>Auteur: Editions LEPAYS<br \/>\n<a href=\"https:\/\/lepays.bf\/mise-en-accusation-de-blaise-compaore-dans-laffaire-thomas-sankara\/\">Cliquez ici pour lire l&rsquo;article depuis sa source.<\/a><\/p>\n","protected":false},"excerpt":{"rendered":"<p>Rouvert en 2015, \u00e0 la faveur de l\u2019insurrection populaire qui a emport\u00e9 le r\u00e9gime de Blaise Compaor\u00e9, le dossier Thomas Sankara a connu des avanc\u00e9es significatives. En effet, apr\u00e8s l\u2019inculpation d\u2019une douzaine de personnes dont Gilbert Diend\u00e9r\u00e9 et l\u2019audition d\u2019une centaine de t\u00e9moins, la Justice burkinab\u00e8 vient de mettre en accusation l\u2019ex-pr\u00e9sident Blaise Compaor\u00e9 pour [&hellip;]<\/p>\n","protected":false},"author":1813,"featured_media":0,"comment_status":"closed","ping_status":"closed","sticky":false,"template":"","format":"standard","meta":{"fifu_image_url":"","fifu_image_alt":"","footnotes":""},"categories":[73,81],"tags":[],"class_list":["post-114853","post","type-post","status-publish","format-standard","hentry","category-actualite","category-burkina-faso"],"_links":{"self":[{"href":"https:\/\/linitiative.ca\/International\/wp-json\/wp\/v2\/posts\/114853","targetHints":{"allow":["GET"]}}],"collection":[{"href":"https:\/\/linitiative.ca\/International\/wp-json\/wp\/v2\/posts"}],"about":[{"href":"https:\/\/linitiative.ca\/International\/wp-json\/wp\/v2\/types\/post"}],"author":[{"embeddable":true,"href":"https:\/\/linitiative.ca\/International\/wp-json\/wp\/v2\/users\/1813"}],"replies":[{"embeddable":true,"href":"https:\/\/linitiative.ca\/International\/wp-json\/wp\/v2\/comments?post=114853"}],"version-history":[{"count":0,"href":"https:\/\/linitiative.ca\/International\/wp-json\/wp\/v2\/posts\/114853\/revisions"}],"wp:attachment":[{"href":"https:\/\/linitiative.ca\/International\/wp-json\/wp\/v2\/media?parent=114853"}],"wp:term":[{"taxonomy":"category","embeddable":true,"href":"https:\/\/linitiative.ca\/International\/wp-json\/wp\/v2\/categories?post=114853"},{"taxonomy":"post_tag","embeddable":true,"href":"https:\/\/linitiative.ca\/International\/wp-json\/wp\/v2\/tags?post=114853"}],"curies":[{"name":"wp","href":"https:\/\/api.w.org\/{rel}","templated":true}]}}