{"id":114854,"date":"2021-04-13T16:19:45","date_gmt":"2021-04-13T20:19:45","guid":{"rendered":"https:\/\/linitiative.ca\/International\/nouveau-meurtre-dun-afro-americain-a-minneapolis-aux-usa\/"},"modified":"2021-04-13T16:19:45","modified_gmt":"2021-04-13T20:19:45","slug":"nouveau-meurtre-dun-afro-americain-a-minneapolis-aux-usa","status":"publish","type":"post","link":"https:\/\/linitiative.ca\/International\/nouveau-meurtre-dun-afro-americain-a-minneapolis-aux-usa\/","title":{"rendered":"NOUVEAU MEURTRE D\u2019UN AFRO-AMERICAIN A MINNEAPOLIS AUX USA"},"content":{"rendered":"<p><em>Minneapolis\u00a0! Vous vous en souvenez\u00a0? C\u2019est, en effet, dans cette ville am\u00e9ricaine qu\u2019a \u00e9t\u00e9 tu\u00e9 l\u2019Afro-am\u00e9ricain, Georges Floyd, mort \u00e9touff\u00e9 sous le genou d\u2019un policier blanc. Jug\u00e9 raciste, ce drame avait provoqu\u00e9 une v\u00e9ritable lev\u00e9e de boucliers aussi bien aux Etats-Unis qu\u2019\u00e0 travers le monde, entra\u00eenant par endroits, la destruction de monuments qui rappellent le pass\u00e9 esclavagiste de certains personnages historiques. Le policier mis en cause, en la personne de Derek Chauvin, a \u00e9t\u00e9 arr\u00eat\u00e9 et son proc\u00e8s a \u00e9t\u00e9 ouvert en mars dernier. Alors que la communaut\u00e9 noire des Etats-Unis attend avec impatience l\u2019issue de ce proc\u00e8s, Minneapolis vient encore de s\u2019illustrer de la pire des mani\u00e8res. En effet, un jeune homme noir d\u2019une vingtaine d\u2019ann\u00e9es, a \u00e9t\u00e9 tu\u00e9 par un autre policier blanc. La victime s\u2019appelle Daunte Wright tu\u00e9 alors qu\u2019il partait rendre visite \u00e0 sa m\u00e8re. Il n\u2019en fallait pas plus pour d\u00e9clencher une nouvelle vague de contestations au point que les autorit\u00e9s ont d\u00fb appeler la garde nationale en renfort et ce, apr\u00e8s plusieurs heures d\u2019affrontements entre la police et les manifestants qui en avaient gros sur le c\u0153ur. Et ce n\u2019est pas tout. Puisque pour limiter les casses et les sc\u00e8nes de pillage tous azimuts, un couvre-feu a \u00e9t\u00e9 d\u00e9cr\u00e9t\u00e9 dans la foul\u00e9e. En prenant ces mesures d\u2019urgence, l\u2019on a envie de dire que les autorit\u00e9s am\u00e9ricaines n\u2019ont fait que casser le thermom\u00e8tre. Elles ne r\u00e9ussiront cependant pas \u00e0 faire\u00a0 baisser la fi\u00e8vre.<\/em><\/p>\n<p class=\"c5\"><em>\u00a0<\/em><\/p>\n<p class=\"c6\"><strong><em>Joe Biden doit prendre toute la mesure du p\u00e9ril qui guette les Etats-Unis si rien n\u2019est fait pour contrer le racisme<\/em><\/strong><\/p>\n<p class=\"c6\"><strong><em>\u00a0<\/em><\/strong><\/p>\n<p class=\"c5\"><em>Car, tant que pr\u00e9vaudront le racisme et autres formes de s\u00e9gr\u00e9gations, la premi\u00e8re puissance mondiale conna\u00eetra des remous sociaux aux cons\u00e9quences parfois incalculables. Il faut donc que cessent les violences polici\u00e8res dirig\u00e9es contre les Noirs que d\u2019aucuns consid\u00e8rent comme des citoyens de seconde zone aux Etats-Unis. Ces racistes ou ap\u00f4tres de l\u2019apartheid \u00e9taient malheureusement encourag\u00e9s dans leur \u00e9lan par l\u2019ex-pr\u00e9sident Donald Trump dont les excentricit\u00e9s le disputaient \u00e0 l\u2019irresponsabilit\u00e9. En tout cas, tout se passe comme si le meurtre de George Floyd et le toll\u00e9 mondial qui s\u2019en est suivi, n\u2019y ont rien fait. Tant et si bien qu\u2019\u00e0 Minneapolis, la police continue de tirer au d\u00e9boul\u00e9 sur des Afro-Am\u00e9ricains dont le seul p\u00e9ch\u00e9 est d\u2019\u00eatre de race noire. La r\u00e9forme de la police qu\u2019appelaient de tous leurs v\u0153ux certains officiels, ressemble plus \u00e0 des effets d\u2019annonces ou des annonces sans effet destin\u00e9s \u00e0 divertir l\u2019opinion. D\u2019autant que depuis lors, sauf erreur ou omission, aucun acte concret n\u2019a \u00e9t\u00e9 pos\u00e9 dans le sens d\u2019une refondation. C\u2019est le lieu donc d\u2019en appeler d\u00e9sormais \u00e0 la responsabilit\u00e9 du pr\u00e9sident Joe Biden qui, dans un \u00a0souci d\u2019inclusivit\u00e9, a confi\u00e9 les r\u00eanes de l\u2019arm\u00e9e \u00e0 un Afro-Am\u00e9ricain. Il se doit de prendre toute la mesure du p\u00e9ril qui guette les Etats-Unis si rien n\u2019est fait pour contrer le racisme. Certes, la t\u00e2che est titanesque mais il aura eu le m\u00e9rite, s\u2019il accepte d\u2019engager le combat, d\u2019avoir ouvert l\u2019\u0153il et le bon l\u00e0 o\u00f9 son pr\u00e9d\u00e9cesseur soufflait sur des braises.<\/em><\/p>\n<p class=\"c5\"><em>\u00a0<\/em><\/p>\n<p class=\"c6\"><strong><em>B.O<\/em><\/strong><\/p>\n<p>Auteur: Editions LEPAYS<br \/>\n<a href=\"https:\/\/lepays.bf\/nouveau-meurtre-dun-afro-americain-a-minneapolis-aux-usa-2\/\">Cliquez ici pour lire l&rsquo;article depuis sa source.<\/a><\/p>\n","protected":false},"excerpt":{"rendered":"<p>Minneapolis\u00a0! Vous vous en souvenez\u00a0? C\u2019est, en effet, dans cette ville am\u00e9ricaine qu\u2019a \u00e9t\u00e9 tu\u00e9 l\u2019Afro-am\u00e9ricain, Georges Floyd, mort \u00e9touff\u00e9 sous le genou d\u2019un policier blanc. Jug\u00e9 raciste, ce drame avait provoqu\u00e9 une v\u00e9ritable lev\u00e9e de boucliers aussi bien aux Etats-Unis qu\u2019\u00e0 travers le monde, entra\u00eenant par endroits, la destruction de monuments qui rappellent le [&hellip;]<\/p>\n","protected":false},"author":1813,"featured_media":0,"comment_status":"closed","ping_status":"closed","sticky":false,"template":"","format":"standard","meta":{"fifu_image_url":"","fifu_image_alt":"","footnotes":""},"categories":[73,81],"tags":[],"class_list":["post-114854","post","type-post","status-publish","format-standard","hentry","category-actualite","category-burkina-faso"],"_links":{"self":[{"href":"https:\/\/linitiative.ca\/International\/wp-json\/wp\/v2\/posts\/114854","targetHints":{"allow":["GET"]}}],"collection":[{"href":"https:\/\/linitiative.ca\/International\/wp-json\/wp\/v2\/posts"}],"about":[{"href":"https:\/\/linitiative.ca\/International\/wp-json\/wp\/v2\/types\/post"}],"author":[{"embeddable":true,"href":"https:\/\/linitiative.ca\/International\/wp-json\/wp\/v2\/users\/1813"}],"replies":[{"embeddable":true,"href":"https:\/\/linitiative.ca\/International\/wp-json\/wp\/v2\/comments?post=114854"}],"version-history":[{"count":0,"href":"https:\/\/linitiative.ca\/International\/wp-json\/wp\/v2\/posts\/114854\/revisions"}],"wp:attachment":[{"href":"https:\/\/linitiative.ca\/International\/wp-json\/wp\/v2\/media?parent=114854"}],"wp:term":[{"taxonomy":"category","embeddable":true,"href":"https:\/\/linitiative.ca\/International\/wp-json\/wp\/v2\/categories?post=114854"},{"taxonomy":"post_tag","embeddable":true,"href":"https:\/\/linitiative.ca\/International\/wp-json\/wp\/v2\/tags?post=114854"}],"curies":[{"name":"wp","href":"https:\/\/api.w.org\/{rel}","templated":true}]}}