{"id":114855,"date":"2021-04-13T16:28:10","date_gmt":"2021-04-13T20:28:10","guid":{"rendered":"https:\/\/linitiative.ca\/International\/victoire-de-patrice-talon-a-la-presidentielle-beninoise\/"},"modified":"2021-04-13T16:28:10","modified_gmt":"2021-04-13T20:28:10","slug":"victoire-de-patrice-talon-a-la-presidentielle-beninoise","status":"publish","type":"post","link":"https:\/\/linitiative.ca\/International\/victoire-de-patrice-talon-a-la-presidentielle-beninoise\/","title":{"rendered":"VICTOIRE DE PATRICE TALON A LA PRESIDENTIELLE BENINOISE  \u00a0"},"content":{"rendered":"<p class=\"c4\"><em>La Commission \u00e9lectorale nationale autonome (CENA) du B\u00e9nin a proclam\u00e9, le 13 avril 2021, les r\u00e9sultats provisoires de la pr\u00e9sidentielle du 11 avril dernier, qui donnent le pr\u00e9sident sortant, Patrice Talon, vainqueur d\u00e8s le premier tour avec 86,37% des suffrages exprim\u00e9s. Il est talonn\u00e9 par le duo Alassane Soumanou-Paul Hounkp\u00e8 (Forces cauris pour un B\u00e9nin \u00e9mergent, FCBE) avec 11,29% des voix suivis du duo Corentin Kohou\u00e9 et Ir\u00e9n\u00e9e Agossa (Ind\u00e9pendants) avec 2,35% des voix. Le moins que l\u2019on puisse dire, c\u2019est que cette victoire de Patrice Talon et sa colisti\u00e8re Mariam Chabi Talata, est tout sauf une surprise. C\u2019est d\u2019autant plus vrai que l\u2019homme avait tout mis en \u0153uvre pour garantir sa r\u00e9\u00e9lection en \u00e9cartant tous les poids lourds de l\u2019opposition de la course \u00e0 la pr\u00e9sidentielle. Comme parade, Patrice Talon s\u2019\u00e9tait dot\u00e9 de deux moyens infaillibles. Le premier est le syst\u00e8me de parrainage qu\u2019il a mis en place. Ce tamis de l\u2019ancien magnat du coton, a \u00e9t\u00e9 sans piti\u00e9 pour les opposants s\u00e9rieux. A contrario, le tamis a laiss\u00e9 passer deux illustres inconnus de la sc\u00e8ne politique b\u00e9ninoise. Car, il faut tout de m\u00eame sauver les apparences. C\u2019est donc \u00e0 juste titre que les opposants les qualifient de \u00ab\u00a0candidats fantoches\u00a0\u00bb. Au Burkina, on utiliserait l\u2019expression \u00ab\u00a0candidats motards\u00a0\u00bb pour les d\u00e9signer. Car, leur r\u00f4le est d\u2019accompagner, d\u2019escorter Patrice Talon. \u00a0\u00a0Et ce genre de m\u00e9tier, sous nos tropiques, nourrit son homme, puisqu\u2019 \u00e0 l\u2019heure des r\u00e9compenses, on peut leur accorder quelques strapontins. Le second instrument mis en place par Patrice Talon pour casser de l\u2019opposant est la Cour de r\u00e9pression des infractions \u00e9conomiques et du terrorisme (CRIET). La candidate Reckya Madougou a \u00e9t\u00e9 une victime de cette machine infernale dont tout porte \u00e0 croire qu\u2019elle est uniquement friande d\u2019opposants.<\/em><\/p>\n<p class=\"c4\"><em>\u00a0<\/em><\/p>\n<p class=\"c6\"><strong><em>Le plus dur pour Patrice Talon pourrait \u00eatre l\u2019apr\u00e8s-\u00e9lection<\/em><\/strong><\/p>\n<p class=\"c4\"><em>\u00a0<\/em><\/p>\n<p class=\"c4\"><em>C\u2019est dire si cette victoire de Talon est un score sovi\u00e9tique qui est loin de servir la d\u00e9mocratie. Mais tout laisse croire que le pr\u00e9sident homme d\u2019affaires n\u2019en a cure. Il faut m\u00eame craindre qu\u2019il ne tripatouille la Constitution b\u00e9ninoise pour briguer un troisi\u00e8me mandat. Cela dit, Patrice Talon doit savoir que le tout n\u2019est pas de gagner. On le sait, les m\u00e9thodes utilis\u00e9es pendant cette pr\u00e9sidentielle ont suscit\u00e9 la col\u00e8re des citoyens du nord et du centre du pays qui n\u2019ont pas h\u00e9sit\u00e9 \u00e0 dresser des barricades pour emp\u00eacher le vote. C\u2019est dire s\u2019il \u00a0risque de s\u2019ali\u00e9ner le centre\u00a0 et le nord du pays o\u00f9 des \u00e9chauffour\u00e9es avaient entra\u00een\u00e9 la mort de deux personnes. En tout cas, le scrutin, tel qu\u2019il a \u00e9t\u00e9 organis\u00e9, peut contribuer \u00e0 fracturer davantage le pays. Le plus dur donc pour Patrice Talon pourrait \u00eatre l\u2019apr\u00e8s-\u00e9lection. Certes, le taux de participation de 50,17% n\u2019est pas d\u00e9risoire, mais comment, en effet, parviendra-t-il dans ces conditions, \u00e0 avoir la l\u00e9gitimit\u00e9 qu\u2019il faut, pour conduire tous les B\u00e9ninois vers de lendemains qui chantent? Rien qu\u2019\u00e0 y penser, il devrait, lorsque sa Cour constitutionnelle le d\u00e9clarera vainqueur de ce scrutin, avoir le triomphe modeste et travailler \u00e0 l\u2019apaisement.<\/em><\/p>\n<p class=\"c4\"><em>\u00a0<\/em><\/p>\n<p class=\"c6\"><strong><em>DZ<\/em><\/strong><\/p>\n<p class=\"c4\"><em>\u00a0<\/em><\/p>\n<p class=\"c4\"><em>\u00a0<\/em><\/p>\n<p>Auteur: Editions LEPAYS<br \/>\n<a href=\"https:\/\/lepays.bf\/victoire-de-patrice-talon-a-la-presidentielle-beninoise\/\">Cliquez ici pour lire l&rsquo;article depuis sa source.<\/a><\/p>\n","protected":false},"excerpt":{"rendered":"<p>La Commission \u00e9lectorale nationale autonome (CENA) du B\u00e9nin a proclam\u00e9, le 13 avril 2021, les r\u00e9sultats provisoires de la pr\u00e9sidentielle du 11 avril dernier, qui donnent le pr\u00e9sident sortant, Patrice Talon, vainqueur d\u00e8s le premier tour avec 86,37% des suffrages exprim\u00e9s. Il est talonn\u00e9 par le duo Alassane Soumanou-Paul Hounkp\u00e8 (Forces cauris pour un B\u00e9nin [&hellip;]<\/p>\n","protected":false},"author":1813,"featured_media":0,"comment_status":"closed","ping_status":"closed","sticky":false,"template":"","format":"standard","meta":{"fifu_image_url":"","fifu_image_alt":"","footnotes":""},"categories":[73,81],"tags":[],"class_list":["post-114855","post","type-post","status-publish","format-standard","hentry","category-actualite","category-burkina-faso"],"_links":{"self":[{"href":"https:\/\/linitiative.ca\/International\/wp-json\/wp\/v2\/posts\/114855","targetHints":{"allow":["GET"]}}],"collection":[{"href":"https:\/\/linitiative.ca\/International\/wp-json\/wp\/v2\/posts"}],"about":[{"href":"https:\/\/linitiative.ca\/International\/wp-json\/wp\/v2\/types\/post"}],"author":[{"embeddable":true,"href":"https:\/\/linitiative.ca\/International\/wp-json\/wp\/v2\/users\/1813"}],"replies":[{"embeddable":true,"href":"https:\/\/linitiative.ca\/International\/wp-json\/wp\/v2\/comments?post=114855"}],"version-history":[{"count":0,"href":"https:\/\/linitiative.ca\/International\/wp-json\/wp\/v2\/posts\/114855\/revisions"}],"wp:attachment":[{"href":"https:\/\/linitiative.ca\/International\/wp-json\/wp\/v2\/media?parent=114855"}],"wp:term":[{"taxonomy":"category","embeddable":true,"href":"https:\/\/linitiative.ca\/International\/wp-json\/wp\/v2\/categories?post=114855"},{"taxonomy":"post_tag","embeddable":true,"href":"https:\/\/linitiative.ca\/International\/wp-json\/wp\/v2\/tags?post=114855"}],"curies":[{"name":"wp","href":"https:\/\/api.w.org\/{rel}","templated":true}]}}