{"id":114856,"date":"2021-04-13T17:20:40","date_gmt":"2021-04-13T21:20:40","guid":{"rendered":"https:\/\/linitiative.ca\/International\/le-ramadan-et-la-famille-le-jeune-un-excellent-educateur\/"},"modified":"2021-04-13T17:20:40","modified_gmt":"2021-04-13T21:20:40","slug":"le-ramadan-et-la-famille-le-jeune-un-excellent-educateur","status":"publish","type":"post","link":"https:\/\/linitiative.ca\/International\/le-ramadan-et-la-famille-le-jeune-un-excellent-educateur\/","title":{"rendered":"Le Ramadan et la famille  : le je\u00fbne, un excellent \u00e9ducateur"},"content":{"rendered":"<div class=\"td-post-featured-image\"><a href=\"https:\/\/www.sidwaya.info\/wp-content\/uploads\/2021\/04\/1-32.jpg\" data-caption=\"\"><img loading=\"lazy\" decoding=\"async\" width=\"479\" height=\"595\" class=\"entry-thumb td-modal-image\" src=\"https:\/\/www.sidwaya.info\/wp-content\/uploads\/2021\/04\/1-32.jpg\" srcset=\"https:\/\/www.sidwaya.info\/wp-content\/uploads\/2021\/04\/1-32.jpg 479w, https:\/\/www.sidwaya.info\/wp-content\/uploads\/2021\/04\/1-32-242x300.jpg 242w, https:\/\/www.sidwaya.info\/wp-content\/uploads\/2021\/04\/1-32-150x186.jpg 150w, https:\/\/www.sidwaya.info\/wp-content\/uploads\/2021\/04\/1-32-300x373.jpg 300w, https:\/\/www.sidwaya.info\/wp-content\/uploads\/2021\/04\/1-32-338x420.jpg 338w\" sizes=\"auto, (max-width: 479px) 100vw, 479px\" alt=\"\" title=\"1\"\/><\/a><\/div>\n<p>Louanges infinies au Ma\u00eetre et Seigneur de l\u2019univers pour Ses gr\u00e2ces incommensurables au nombre desquelles cette chance, \u00e0 nous donner, de vivre, une fois de plus, le mois de mis\u00e9ricorde, Ramadan. Puisse Allah d\u00e9verser Sa paix et Ses b\u00e9n\u00e9dictions sur notre bien-aim\u00e9 Proph\u00e8te Mohammad ainsi que sur sa famille, sur l\u2019ensemble des hommes et des femmes qui l\u2019ont accompagn\u00e9 dans l\u2019accomplissement de sa mission et sur toutes celles et tous ceux qui ne l\u2019auront pas vu physiquement mais donneront foi et suivront son message.<\/p>\n<p>Allah, exalt\u00e9 soit-Il, nous dit\u00a0: \u00ab\u00a0Oh vous portez la responsabilit\u00e9 de la foi, Nous vous avons prescrit le je\u00fbne comme Nous l\u2019avons prescrit \u00e0 ceux d\u2019avant vous afin que vous acqu\u00e9rez la pi\u00e9t\u00e9\u00a0\u00bb. Sourate 2 verset 183. Par ce verset, il est clair et \u00e9vident que le je\u00fbne a pour finalit\u00e9 de rendre le Je\u00fbneur pieux et digne de la gr\u00e2ce et mis\u00e9ricorde de son Cr\u00e9ateur, mis\u00e9ricordieux par essence et par excellence. Le musulman, en privant son corps de la nourriture, de la boisson et du commerce charnel avec son \u00e9pouse, apprend \u00e0 dompter et \u00e0 maitriser sa partie animale quand on sait que \u00ab\u00a0l\u2019homme est ange et b\u00eate\u00a0\u00bb aux dires de Blaise Pascal.<\/p>\n<p>Malgr\u00e9 la souffrance, la chaleur ardente du soleil, le je\u00fbne \u00e9duque le musulman en lui apprenant \u00e0 dire non \u00e0 ce qui, en temps ordinaire, lui est permis et licite c\u2019est-\u00e0-dire sa nourriture, sa boisson, sa femme ou son \u00e9poux. Il cesse, par cela, de vivre selon ses penchants, ses d\u00e9sirs et ses passions. Il apprend \u00e0 se lib\u00e9rer de leur emprise pour n\u2019\u00eatre que le serviteur de son Cr\u00e9ateur. Il n\u2019est esclave que de Lui et non de tout autre.<br \/>En acceptant cette \u00e9preuve et en ne trichant pas, le je\u00fbneur prend conscience de la pr\u00e9sence de Dieu quels que soient le lieu et le moment parce que \u00ab\u00a0vous serez, ensuite, ramen\u00e9s \u00e0 Dieu qui connait le visible et l\u2019invisible et Il vous informera de ce que vous faisiez\u00a0\u00bb. Sourate verset \u2026<\/p>\n<p>Comment le Je\u00fbneur bien \u00e9duqu\u00e9 ne pourrait-il pas dire \u2018\u2019NON\u2019\u2019 \u00e0 l\u2019argent de la corruption, \u00e0 la femme qui n\u2019est pas sienne, c\u2019est-\u00e0-dire l\u2019infid\u00e9lit\u00e9, \u00e0 la fornication ou \u00e0 l\u2019adult\u00e8re, \u00e0 l\u2019incivisme, \u00e0 la violence, au mensonge puisqu\u2019il sait que son Seigneur l\u2019observe.<br \/>Le musulman bien \u00e9duqu\u00e9 prend conscience qu\u2019il porte non seulement sa responsabilit\u00e9 mais aussi celle de sa famille pour laquelle il sera, sans nul doute, interrog\u00e9 par son Seigneur, \u00ab\u00a0Oh vous qui portez la responsabilit\u00e9 de la foi, pr\u00e9servez-vous et vos familles d\u2019un feu ardent (\u2026)\u00a0\u00bb, nous dit Allah.<\/p>\n<p>Combien sont les parents qui ont fui, qui ont abdiqu\u00e9 face \u00e0 l\u2019\u00e9ducation de leurs familles. Il ne faut cesser de rappeler que \u00ab\u00a0la famille est la cellule de base de la soci\u00e9t\u00e9\u00a0\u00bb. Quand une soci\u00e9t\u00e9 devient malade, il faut soigner sa cellule familiale. Telle semble \u00eatre la situation que nous vivons aujourd\u2019hui. A regarder certains d\u2019entre nous, enfants, sortir, on a l\u2019impression que soit nous ne sommes pas sortis d\u2019une famille, soit que nous n\u2019avons pas de parents. Et pourtant, c\u2019est bel et bien au vu et au su de nos parents que nous sortons.<br \/>Ils sont combien, ces parents qui pensent que s\u2019occuper des enfants, c\u2019est comme les \u00e9lever comme on \u00e9l\u00e8ve les animaux. Pour les animaux, on leur donne de quoi manger, de quoi boire et o\u00f9 dormir et quand ils sont malades, on appelle le V\u00e9t\u00e9rinaire. C\u2019est exactement ce que se passe dans bon nombre de nos familles. Et il est bien courant d\u2019entendre \u00ab\u00a0tel \u00e9l\u00e8ve son enfant comme s\u2019il va le vendre au march\u00e9\u00a0\u00bb.<br \/>Tel le je\u00fbne nous \u00e9duque par la ma\u00eetrise de soi \u00e0 travers le contr\u00f4le de la nourriture, de la boisson, et du commerce charnel, nous devons, \u00e9galement, prendre conscience que la bonne \u00e9ducation de nos familles ne saurait se limiter \u00e0 apporter de la nourriture, de la boisson et un toit \u00e0 nos familles.<\/p>\n<p class=\"c1\">A suivre<\/p>\n<p class=\"c1\">N\u2019oublions jamais que la foi musulmane est<\/p>\n<p class=\"c1\">une foi active qui nous impose un devoir de pr\u00e9sence.<\/p>\n<p class=\"c1\"><strong>Dr Inoussa COMPAORE<\/strong><br \/><strong>Imam \u00e0 l\u2019AEEMB et au CERFI.<\/strong><\/p>\n<div class=\"td-a-rec td-a-rec-id-content_bottom tdi_33_66b td_block_template_1\">\n<p><img loading=\"lazy\" decoding=\"async\" class=\"aligncenter size-full wp-image-27454\" src=\"https:\/\/www.sidwaya.info\/wp-content\/uploads\/2020\/10\/PUB-Bandeau-paiement-mobile-siteweb.jpg\" alt=\"\" width=\"728\" height=\"90\"\/><\/div>\n<p>Auteur: BM. Sidwaya<br \/>\n<a href=\"https:\/\/www.sidwaya.info\/blog\/2021\/04\/13\/le-ramadan-et-la-famille-le-jeune-un-excellent-educateur\/\">Cliquez ici pour lire l&rsquo;article depuis sa source.<\/a><\/p>\n","protected":false},"excerpt":{"rendered":"<p>Louanges infinies au Ma\u00eetre et Seigneur de l\u2019univers pour Ses gr\u00e2ces incommensurables au nombre desquelles cette chance, \u00e0 nous donner, de vivre, une fois de plus, le mois de mis\u00e9ricorde, Ramadan. Puisse Allah d\u00e9verser Sa paix et Ses b\u00e9n\u00e9dictions sur notre bien-aim\u00e9 Proph\u00e8te Mohammad ainsi que sur sa famille, sur l\u2019ensemble des hommes et des [&hellip;]<\/p>\n","protected":false},"author":1816,"featured_media":0,"comment_status":"closed","ping_status":"closed","sticky":false,"template":"","format":"standard","meta":{"fifu_image_url":"https:\/\/www.sidwaya.info\/wp-content\/uploads\/2021\/04\/1-32.jpg","fifu_image_alt":"Le Ramadan et la famille  : le je\u00fbne, un excellent \u00e9ducateur","footnotes":""},"categories":[73,81],"tags":[],"class_list":["post-114856","post","type-post","status-publish","format-standard","hentry","category-actualite","category-burkina-faso"],"_links":{"self":[{"href":"https:\/\/linitiative.ca\/International\/wp-json\/wp\/v2\/posts\/114856","targetHints":{"allow":["GET"]}}],"collection":[{"href":"https:\/\/linitiative.ca\/International\/wp-json\/wp\/v2\/posts"}],"about":[{"href":"https:\/\/linitiative.ca\/International\/wp-json\/wp\/v2\/types\/post"}],"author":[{"embeddable":true,"href":"https:\/\/linitiative.ca\/International\/wp-json\/wp\/v2\/users\/1816"}],"replies":[{"embeddable":true,"href":"https:\/\/linitiative.ca\/International\/wp-json\/wp\/v2\/comments?post=114856"}],"version-history":[{"count":0,"href":"https:\/\/linitiative.ca\/International\/wp-json\/wp\/v2\/posts\/114856\/revisions"}],"wp:attachment":[{"href":"https:\/\/linitiative.ca\/International\/wp-json\/wp\/v2\/media?parent=114856"}],"wp:term":[{"taxonomy":"category","embeddable":true,"href":"https:\/\/linitiative.ca\/International\/wp-json\/wp\/v2\/categories?post=114856"},{"taxonomy":"post_tag","embeddable":true,"href":"https:\/\/linitiative.ca\/International\/wp-json\/wp\/v2\/tags?post=114856"}],"curies":[{"name":"wp","href":"https:\/\/api.w.org\/{rel}","templated":true}]}}