{"id":114858,"date":"2021-04-13T17:28:06","date_gmt":"2021-04-13T21:28:06","guid":{"rendered":"https:\/\/linitiative.ca\/International\/un-pas-de-geant\/"},"modified":"2021-04-13T17:28:06","modified_gmt":"2021-04-13T21:28:06","slug":"un-pas-de-geant","status":"publish","type":"post","link":"https:\/\/linitiative.ca\/International\/un-pas-de-geant\/","title":{"rendered":"Un pas de g\u00e9ant"},"content":{"rendered":"<div class=\"td-post-featured-image\"><a href=\"https:\/\/www.sidwaya.info\/wp-content\/uploads\/2021\/04\/mercure.jpg\" data-caption=\"\"><img loading=\"lazy\" decoding=\"async\" width=\"696\" height=\"501\" class=\"entry-thumb td-modal-image\" src=\"https:\/\/www.sidwaya.info\/wp-content\/uploads\/2021\/04\/mercure-696x501.jpg\" srcset=\"https:\/\/www.sidwaya.info\/wp-content\/uploads\/2021\/04\/mercure-696x501.jpg 696w, https:\/\/www.sidwaya.info\/wp-content\/uploads\/2021\/04\/mercure-300x216.jpg 300w, https:\/\/www.sidwaya.info\/wp-content\/uploads\/2021\/04\/mercure-150x108.jpg 150w, https:\/\/www.sidwaya.info\/wp-content\/uploads\/2021\/04\/mercure-584x420.jpg 584w, https:\/\/www.sidwaya.info\/wp-content\/uploads\/2021\/04\/mercure.jpg 709w\" sizes=\"auto, (max-width: 696px) 100vw, 696px\" alt=\"\" title=\"mercure\"\/><\/a><\/div>\n<p>C\u2019est un pas de g\u00e9ant dans la qu\u00eate de v\u00e9rit\u00e9 dans le dossier des victimes du 15 octobre 1987. Le tribunal militaire a mis en accusation, hier mardi 13 avril 2021, l\u2019ex-pr\u00e9sident Blaise Compaor\u00e9, pour attentat \u00e0 la s\u00fbret\u00e9 de l\u2019\u00c9tat, complicit\u00e9 d\u2019assassinat et recel de cadavres dans le dossier de l\u2019assassinat de l\u2019ancien chef de l\u2019\u00c9tat, Thomas Sankara. Son homme de main, l\u2019ex-chef d\u2019\u00e9tat-major particulier \u00e0 la pr\u00e9sidence du Faso, le g\u00e9n\u00e9ral Gilbert Diend\u00e9r\u00e9, est aussi poursuivi pour complicit\u00e9 d\u2019assassinat, recel de cadavres, attentat \u00e0 la s\u00fbret\u00e9 de l\u2019\u00c9tat. Douze autres personnes sont \u00e9galement mises en accusation dont l\u2019ancien ministre des Sports, Mori Aldjouma Jean-Pierre Palm et Hyacinthe Kafando, cit\u00e9 comme l\u2019un des cerveaux du coup d\u2019Etat de 1987.<\/p>\n<p>Le traitement de ce dossier, qui a \u00e9volu\u00e9 \u00e0 pas de tortue sous les 27 ans de pouvoir du pr\u00e9sident Blaise Compaor\u00e9, a connu un rebondissement apr\u00e8s l\u2019insurrection populaire salvatrice d\u2019octobre 2014. Le feuilleton judiciaire a \u00e9t\u00e9 r\u00e9chauff\u00e9 sous la transition, ce qui a permis \u00e0 la justice de lancer un mandat d\u2019arr\u00eat contre l\u2019ancien pr\u00e9sident Compaor\u00e9, le 7 mars 2016. Depuis cette date, les actions s\u2019enchainent \u00e0 l\u2019effet de conna\u00eetre le fond du dossier. Dans ce sens, en f\u00e9vrier de la m\u00eame ann\u00e9e, une premi\u00e8re reconstitution de l\u2019assassinat de Thomas Sankara s\u2019est d\u00e9roul\u00e9e sur les lieux du crime au si\u00e8ge du Conseil national de la R\u00e9volution (CNR). Autre avanc\u00e9e notable\u00a0: en 2017, lors d\u2019une visite au Burkina, le pr\u00e9sident fran\u00e7ais, Emmanuel Macron, avait promis que tous les documents fran\u00e7ais concernant l\u2019assassinat de Sankara seraient \u00ab\u00a0d\u00e9classifi\u00e9s\u00a0\u00bb. Selon les avocats de la famille Sankara, \u00ab\u00a0un important lot de ces documents a \u00e9t\u00e9 transmis \u00e0 la justice burkinab\u00e8\u00a0\u00bb.<\/p>\n<p>Ces r\u00e9centes mises en accusations sonnent comme une volont\u00e9 pour la justice burkinab\u00e8, elle qui n\u2019a pas bonne presse sur les dossiers embl\u00e9matiques qui dorment dans les tiroirs, de sauver son honneur. Ira-t-elle au bout de sa d\u00e9termination ou aura-t-elle les coud\u00e9es franches pour terminer ce qu\u2019elle a commenc\u00e9\u00a0? Ce sont, entre autres, interrogations qui taraudent les esprits de bon nombre de Burkinab\u00e8, \u00e9pris de justice. Le pr\u00e9sident Compaor\u00e9, en exil en C\u00f4te d\u2019Ivoire, voyant l\u2019\u00e9tau se resserrer sur sa personne, a fait des d\u00e9marches et a obtenu la nationalit\u00e9 ivoirienne. Cette double nationalit\u00e9 pourrait \u00eatre un frein \u00e0 son extradition dans son pays d\u2019origine. L\u2019on se souvient de l\u2019affaire des \u00e9coutes t\u00e9l\u00e9phoniques dans le dossier du putsch manqu\u00e9 de septembre 2015 entre l\u2019ancien pr\u00e9sident de l\u2019Assembl\u00e9e nationale ivoirienne, Guillaume Soro et le g\u00e9n\u00e9ral Djibrill Bassol\u00e9. Une \u00ab\u00a0muraille de Chine\u00a0\u00bb s\u2019\u00e9tait dress\u00e9e contre la volont\u00e9 de la justice burkinab\u00e8 d\u2019entendre M. Soro dans cette affaire. Les autorit\u00e9s ivoiriennes et burkinab\u00e8 ont pr\u00e9f\u00e9r\u00e9 la voie diplomatique au d\u00e9triment de celle judiciaire. Ceux qui n\u2019ont pas int\u00e9r\u00eat \u00e0 la manifestation de la v\u00e9rit\u00e9 dans l\u2019affaire Thomas Sankara pourraient exploiter cette piste.<\/p>\n<p>L\u2019autre inqui\u00e9tude r\u00e9side dans la dynamique actuelle amorc\u00e9e au pays des Hommes int\u00e8gres. Il s\u2019agit de la question de la r\u00e9conciliation nationale. Le ministre en charge de ce dossier, Z\u00e9phirin Diabr\u00e9 multiplie, \u00e0 cet effet, des concertations avec les diff\u00e9rentes couches socio-politiques dans l\u2019optique de mener \u00e0 bien la mission \u00e0 lui confi\u00e9e par le chef de l\u2019Etat, Roch Marc Christian Kabor\u00e9. La crainte est d\u2019autant plus grande, que la volont\u00e9 du d\u00e9tenteur du dossier de vouloir ratisser large. A cette allure, certains redoutent que cette r\u00e9conciliation nationale n\u2019offre une occasion \u00e0 des bourreaux d\u2019enfiler des manteaux de victimes pour exiger de l\u2019Etat des d\u00e9dommagements. Si une telle situation survenait, ce serait dommage pour un pays qui a d\u00e9j\u00e0 amorc\u00e9 la dynamique de la recherche de la v\u00e9rit\u00e9 \u00e0 travers le jugement du dossier du putsch manqu\u00e9. La meilleure fa\u00e7on de jeter les bases de la r\u00e9conciliation passe par la manifestation de la v\u00e9rit\u00e9 et de la justice. De ce fait, les ex\u00e9cutants et les commanditaires dans les dossiers Thomas Sankara, Norbert Zongo, Dabo Boukary et bien d\u2019autres doivent \u00eatre identifi\u00e9s et jug\u00e9s sans haine, dans le but de faire la lumi\u00e8re sur ces pages sombres du Burkina qui ont endeuill\u00e9 plusieurs familles. Dans ce sens, la justice burkinab\u00e8 m\u00e9rite d\u2019\u00eatre encourag\u00e9e dans ses efforts de qu\u00eate de la v\u00e9rit\u00e9. Apr\u00e8s cette \u00e9tape de mise en accusation, il lui reste \u00e0 aller sereinement au jugement du dossier Sankara.<\/p>\n<p class=\"c1\"><strong>Abdoulaye BALBONE<\/strong><\/p>\n<div class=\"td-a-rec td-a-rec-id-content_bottom tdi_33_6f8 td_block_template_1\">\n<p><img loading=\"lazy\" decoding=\"async\" class=\"aligncenter size-full wp-image-27454\" src=\"https:\/\/www.sidwaya.info\/wp-content\/uploads\/2020\/10\/PUB-Bandeau-paiement-mobile-siteweb.jpg\" alt=\"\" width=\"728\" height=\"90\"\/><\/div>\n<p>Auteur: BM. Sidwaya<br \/>\n<a href=\"https:\/\/www.sidwaya.info\/blog\/2021\/04\/13\/un-pas-de-geant\/\">Cliquez ici pour lire l&rsquo;article depuis sa source.<\/a><\/p>\n","protected":false},"excerpt":{"rendered":"<p>C\u2019est un pas de g\u00e9ant dans la qu\u00eate de v\u00e9rit\u00e9 dans le dossier des victimes du 15 octobre 1987. Le tribunal militaire a mis en accusation, hier mardi 13 avril 2021, l\u2019ex-pr\u00e9sident Blaise Compaor\u00e9, pour attentat \u00e0 la s\u00fbret\u00e9 de l\u2019\u00c9tat, complicit\u00e9 d\u2019assassinat et recel de cadavres dans le dossier de l\u2019assassinat de l\u2019ancien chef [&hellip;]<\/p>\n","protected":false},"author":1816,"featured_media":0,"comment_status":"closed","ping_status":"closed","sticky":false,"template":"","format":"standard","meta":{"fifu_image_url":"https:\/\/www.sidwaya.info\/wp-content\/uploads\/2021\/04\/mercure-696x501.jpg","fifu_image_alt":"Un pas de g\u00e9ant","footnotes":""},"categories":[73,81],"tags":[],"class_list":["post-114858","post","type-post","status-publish","format-standard","hentry","category-actualite","category-burkina-faso"],"_links":{"self":[{"href":"https:\/\/linitiative.ca\/International\/wp-json\/wp\/v2\/posts\/114858","targetHints":{"allow":["GET"]}}],"collection":[{"href":"https:\/\/linitiative.ca\/International\/wp-json\/wp\/v2\/posts"}],"about":[{"href":"https:\/\/linitiative.ca\/International\/wp-json\/wp\/v2\/types\/post"}],"author":[{"embeddable":true,"href":"https:\/\/linitiative.ca\/International\/wp-json\/wp\/v2\/users\/1816"}],"replies":[{"embeddable":true,"href":"https:\/\/linitiative.ca\/International\/wp-json\/wp\/v2\/comments?post=114858"}],"version-history":[{"count":0,"href":"https:\/\/linitiative.ca\/International\/wp-json\/wp\/v2\/posts\/114858\/revisions"}],"wp:attachment":[{"href":"https:\/\/linitiative.ca\/International\/wp-json\/wp\/v2\/media?parent=114858"}],"wp:term":[{"taxonomy":"category","embeddable":true,"href":"https:\/\/linitiative.ca\/International\/wp-json\/wp\/v2\/categories?post=114858"},{"taxonomy":"post_tag","embeddable":true,"href":"https:\/\/linitiative.ca\/International\/wp-json\/wp\/v2\/tags?post=114858"}],"curies":[{"name":"wp","href":"https:\/\/api.w.org\/{rel}","templated":true}]}}