{"id":114859,"date":"2021-04-13T17:32:00","date_gmt":"2021-04-13T21:32:00","guid":{"rendered":"https:\/\/linitiative.ca\/International\/promotion-des-droits-humains-du-materiel-offert-au-ministere-de-la-justice\/"},"modified":"2021-04-13T17:32:00","modified_gmt":"2021-04-13T21:32:00","slug":"promotion-des-droits-humains-du-materiel-offert-au-ministere-de-la-justice","status":"publish","type":"post","link":"https:\/\/linitiative.ca\/International\/promotion-des-droits-humains-du-materiel-offert-au-ministere-de-la-justice\/","title":{"rendered":"Promotion des droits humains  : du mat\u00e9riel offert au minist\u00e8re de la Justice"},"content":{"rendered":"<div class=\"td-post-featured-image\"><a href=\"https:\/\/www.sidwaya.info\/wp-content\/uploads\/2021\/04\/1-34.jpg\" data-caption=\"\"><img loading=\"lazy\" decoding=\"async\" width=\"595\" height=\"397\" class=\"entry-thumb td-modal-image\" src=\"https:\/\/www.sidwaya.info\/wp-content\/uploads\/2021\/04\/1-34.jpg\" srcset=\"https:\/\/www.sidwaya.info\/wp-content\/uploads\/2021\/04\/1-34.jpg 595w, https:\/\/www.sidwaya.info\/wp-content\/uploads\/2021\/04\/1-34-300x200.jpg 300w, https:\/\/www.sidwaya.info\/wp-content\/uploads\/2021\/04\/1-34-150x100.jpg 150w\" sizes=\"auto, (max-width: 595px) 100vw, 595px\" alt=\"\" title=\"1\"\/><\/a><\/div>\n<p><strong>Le Programme des Nations unies pour le d\u00e9veloppement (PNUD) a remis du mat\u00e9riel d\u2019une valeur de 360 millions FCFA, au minist\u00e8re de la Justice, des Droits humains et de la Promotion civique, Garde des sceaux, le mardi 13 avril 2021 \u00e0 Ouagadougou.<\/strong><\/p>\n<p>La consolidation de l\u2019Etat de droit et de la justice est l\u2019un des axes strat\u00e9giques d\u2019intervention du Programme des Nations unies pour le d\u00e9veloppement (PNUD) au Burkina Faso.<\/p>\n<p>A cet effet, l\u2019organisme onusien a fait don de mat\u00e9riel au minist\u00e8re de la Justice, des Droits humains et de la Promotion civique, Garde des sceaux, le mardi 13 avril 2021 \u00e0 Ouagadougou. D\u2019une valeur de 360 millions de FCFA, le don est compos\u00e9 de 9 v\u00e9hicules, 84 ordinateurs portables, 39 photocopieurs multifonctions, 20 groupes \u00e9lectrog\u00e8nes, 156 cartouches d\u2019encres ainsi que du mat\u00e9riel sensibilisation. Aux dires du repr\u00e9sentant r\u00e9sident du PNUD au Burkina Faso, Mathieu Ciowela, ce don entre dans le cadre du Programme Coh\u00e9sion sociale, s\u00e9curit\u00e9 et Etat de droit (COSED), mis en \u0153uvre au Burkina Faso depuis 2020. Un programme qui a pour objectif principal, a-t-il indiqu\u00e9, de soutenir les actions du gouvernement en mati\u00e8re de justice, des droits humains et de coh\u00e9sion sociale. Par ailleurs, le COSED ambitionne de faire en sorte que l\u2019efficacit\u00e9 des institutions soit am\u00e9lior\u00e9e et que les populations burkinab\u00e8, en g\u00e9n\u00e9ral et, en particulier celles expos\u00e9es aux risques de conflit et \u00e0 l\u2019ins\u00e9curit\u00e9 vivent en paix et en s\u00e9curit\u00e9 dans un Etat de droit.<\/p>\n<p>A entendre M. Ciowela, le pr\u00e9sent don d\u2019\u00e9quipements vient allonger la liste des actions entreprises dans le cadre du projet afin de relever les d\u00e9fis qui figurent au titre des pr\u00e9occupations des populations burkinab\u00e8, \u00e0 savoir le renforcement de la confiance des populations en la justice et aux Forces de d\u00e9fense et de s\u00e9curit\u00e9 (FDS) et l\u2019enracinement de la coh\u00e9sion sociale et la r\u00e9conciliation nationale. Au nombre des actions d\u00e9j\u00e0 entreprises par le COSED, le repr\u00e9sentant r\u00e9sident du PNUD a cit\u00e9 l\u2019accompagnement de la Commission nationale des droits humains (CNDH) dans la documentation des all\u00e9gations de violations des droits humains \u00e0 Tanwalbougou et la mise en place d\u2019un dispositif de protection des d\u00e9fenseurs des droits humains. En mati\u00e8re d\u2019acc\u00e8s \u00e0 la justice, il a indiqu\u00e9 que le COSED a contribu\u00e9 \u00e0 l\u2019am\u00e9lioration de l\u2019offre judicaire \u00e0 travers l\u2019organisation d\u2019audiences foraines et criminelles. \u00ab Nous avons \u00e9galement renforc\u00e9 les capacit\u00e9s des magistrats de Ouagadougou et Bobo-Dioulasso afin de leur permettre de traiter les dossiers avec plus d\u2019efficacit\u00e9 \u00bb, a-t-il fait savoir.<\/p>\n<p><strong>Renforcer l\u2019ind\u00e9pendance de la justice<\/strong><\/p>\n<p>En outre, le programme a particip\u00e9, aux dires de M. Ciowela, au renforcement de l\u2019efficacit\u00e9 de l\u2019ind\u00e9pendance de la justice \u00e0 travers l\u2019op\u00e9rationnalisation d\u2019un m\u00e9canisme autonome de gestion informatis\u00e9e des carri\u00e8res des magistrats. Dans le but de renforcer la confiance des populations envers les FDS pour leur s\u00e9curit\u00e9, le projet a, selon les confidences de Mathieu Ciowela, appuy\u00e9 le processus de finalisation et de validation de la strat\u00e9gie de s\u00e9curit\u00e9 nationale en collaboration avec les autres acteurs nationaux et outill\u00e9 les FDS sur le respect des droits humains et la prise en charge des violences bas\u00e9es sur le genre.<\/p>\n<p>Toutes ces actions entreprises dans le cadre du COSED et particuli\u00e8rement le pr\u00e9sent don de mat\u00e9riel ont \u00e9t\u00e9 appr\u00e9ci\u00e9es positivement par la ministre de la Justice, Victoria Ou\u00e9draogo. Il va permettre, selon elle, de renforcer les capacit\u00e9s op\u00e9rationnelles des structures de son d\u00e9partement. \u00ab Lorsque nous regardons notre parc automobile actuel, nous nous rendons compte que beaucoup de v\u00e9hicules n\u2019\u00e9taient plus fonctionnels. Alors qu\u2019en tant qu\u2019administration, nous sommes amen\u00e9s \u00e0 nous d\u00e9placer quotidiennement et s\u2019il n\u2019y a pas de v\u00e9hicules, cela peut bloquer les actions du minist\u00e8re. Les photocopieurs nous seront \u00e9galement tr\u00e8s utiles parce que tous les jours, nous faisons des copies et parfois, il faut aller d\u2019un bureau \u00e0 l\u2019autre pour le faire. Mais gr\u00e2ce \u00e0 ce don, nous pourrons relever le d\u00e9fi du manque d\u2019\u00e9quipement \u00bb, a-t-elle d\u00e9clar\u00e9. Au regard de l\u2019utilit\u00e9 de ce don pour son d\u00e9partement, Mme Ou\u00e9draogo a traduit sa reconnaissance au PNUD tout en le rassurant que les \u00e9quipements seront utilis\u00e9s \u00e0 bon escient. A cet effet, elle a annonc\u00e9 qu\u2019une partie du mat\u00e9riel ira \u00e0 des Organisations de la soci\u00e9t\u00e9 civile (OSC) telles que le Mouvement burkinab\u00e8 des droits de l\u2019homme et des peuples (MBDHP), l\u2019Association des femmes juristes du Burkina Faso (AFJ\/BF) et l\u2019Observatoire national des faits religieux (ONAFAR).<\/p>\n<p class=\"c1\"><strong>Nad\u00e8ge YAMEOGO<\/strong><\/p>\n<div class=\"td-a-rec td-a-rec-id-content_bottom tdi_33_d06 td_block_template_1\">\n<p><img loading=\"lazy\" decoding=\"async\" class=\"aligncenter size-full wp-image-27454\" src=\"https:\/\/www.sidwaya.info\/wp-content\/uploads\/2020\/10\/PUB-Bandeau-paiement-mobile-siteweb.jpg\" alt=\"\" width=\"728\" height=\"90\"\/><\/div>\n<p>Auteur: BM. Sidwaya<br \/>\n<a href=\"https:\/\/www.sidwaya.info\/blog\/2021\/04\/13\/promotion-des-droits-humains-du-materiel-offert-au-ministere-de-la-justice\/\">Cliquez ici pour lire l&rsquo;article depuis sa source.<\/a><\/p>\n","protected":false},"excerpt":{"rendered":"<p>Le Programme des Nations unies pour le d\u00e9veloppement (PNUD) a remis du mat\u00e9riel d\u2019une valeur de 360 millions FCFA, au minist\u00e8re de la Justice, des Droits humains et de la Promotion civique, Garde des sceaux, le mardi 13 avril 2021 \u00e0 Ouagadougou. La consolidation de l\u2019Etat de droit et de la justice est l\u2019un des [&hellip;]<\/p>\n","protected":false},"author":1816,"featured_media":0,"comment_status":"closed","ping_status":"closed","sticky":false,"template":"","format":"standard","meta":{"fifu_image_url":"https:\/\/www.sidwaya.info\/wp-content\/uploads\/2021\/04\/1-34.jpg","fifu_image_alt":"Promotion des droits humains  : du mat\u00e9riel offert au minist\u00e8re de la Justice","footnotes":""},"categories":[73,81],"tags":[],"class_list":["post-114859","post","type-post","status-publish","format-standard","hentry","category-actualite","category-burkina-faso"],"_links":{"self":[{"href":"https:\/\/linitiative.ca\/International\/wp-json\/wp\/v2\/posts\/114859","targetHints":{"allow":["GET"]}}],"collection":[{"href":"https:\/\/linitiative.ca\/International\/wp-json\/wp\/v2\/posts"}],"about":[{"href":"https:\/\/linitiative.ca\/International\/wp-json\/wp\/v2\/types\/post"}],"author":[{"embeddable":true,"href":"https:\/\/linitiative.ca\/International\/wp-json\/wp\/v2\/users\/1816"}],"replies":[{"embeddable":true,"href":"https:\/\/linitiative.ca\/International\/wp-json\/wp\/v2\/comments?post=114859"}],"version-history":[{"count":0,"href":"https:\/\/linitiative.ca\/International\/wp-json\/wp\/v2\/posts\/114859\/revisions"}],"wp:attachment":[{"href":"https:\/\/linitiative.ca\/International\/wp-json\/wp\/v2\/media?parent=114859"}],"wp:term":[{"taxonomy":"category","embeddable":true,"href":"https:\/\/linitiative.ca\/International\/wp-json\/wp\/v2\/categories?post=114859"},{"taxonomy":"post_tag","embeddable":true,"href":"https:\/\/linitiative.ca\/International\/wp-json\/wp\/v2\/tags?post=114859"}],"curies":[{"name":"wp","href":"https:\/\/api.w.org\/{rel}","templated":true}]}}