{"id":114861,"date":"2021-04-13T13:18:04","date_gmt":"2021-04-13T17:18:04","guid":{"rendered":"https:\/\/linitiative.ca\/International\/deces-de-cheick-mamadou-traore-la-cote-divoire-perd-un-artisan-de-paix-ouattara\/"},"modified":"2021-04-13T13:18:04","modified_gmt":"2021-04-13T17:18:04","slug":"deces-de-cheick-mamadou-traore-la-cote-divoire-perd-un-artisan-de-paix-ouattara","status":"publish","type":"post","link":"https:\/\/linitiative.ca\/International\/deces-de-cheick-mamadou-traore-la-cote-divoire-perd-un-artisan-de-paix-ouattara\/","title":{"rendered":"D\u00e9c\u00e8s de Cheick Mamadou Traor\u00e9: \u00abLa C\u00f4te d\u2019Ivoire perd un artisan de paix\u00bb (Ouattara)"},"content":{"rendered":"<div readability=\"32\">\n<p>Publi\u00e9 le 13.04.2021 \u00e0 18h18 par APA News<\/p>\n<\/div>\n<div readability=\"52\">\n<p>Avec la disparition du pr\u00e9sident du Conseil sup\u00e9rieur des imams, des mosqu\u00e9es et des affaires islamiques (COSIM), Cheick A\u00efma Mamadou Traor\u00e9, la C\u00f4te d\u2019Ivoire perd \u00abun artisan de paix et de dialogue\u00bb, a estim\u00e9 mardi dans un message, le pr\u00e9sident ivoirien Alassane Ouattara.<\/p>\n<p>\u00ab C\u2019est avec une tr\u00e8s grande tristesse que j\u2019ai appris le d\u00e9c\u00e8s de mon ami et fr\u00e8re, Son Eminence le Cheick A\u00efma Mamadou Traor\u00e9\u2026 Avec la disparition du Cheick A\u00efma Mamadou Traor\u00e9, la communaut\u00e9 musulmane perd un guide et la C\u00f4te d\u2019Ivoire, un artisan de paix et de dialogue \u00bb, a \u00e9crit M. Ouattara sur son compte officiel Facebook.<\/p>\n<p>C\u2019est le 29 mai dernier que le Cheick A\u00efma Mamadou Traor\u00e9 a succ\u00e9d\u00e9 \u00a0\u00e0 Cheick A\u00efma Boikary Fofana \u00e0 la pr\u00e9sidence du COSIM suite au d\u00e9c\u00e8s de celui-ci. Il est d\u00e9c\u00e9d\u00e9 ce mardi \u00e0 Abidjan \u00e0 l\u2019\u00e2ge de 77 ans.<\/p>\n<\/div>\n<p>Auteur: APA News<br \/>\n<a href=\"https:\/\/www.journalducameroun.com\/deces-de-cheick-mamadou-traore-la-cote-divoire-perd-un-artisan-de-paix-ouattara\/\">Cliquez ici pour lire l&rsquo;article depuis sa source.<\/a><\/p>\n","protected":false},"excerpt":{"rendered":"<p>Publi\u00e9 le 13.04.2021 \u00e0 18h18 par APA News Avec la disparition du pr\u00e9sident du Conseil sup\u00e9rieur des imams, des mosqu\u00e9es et des affaires islamiques (COSIM), Cheick A\u00efma Mamadou Traor\u00e9, la C\u00f4te d\u2019Ivoire perd \u00abun artisan de paix et de dialogue\u00bb, a estim\u00e9 mardi dans un message, le pr\u00e9sident ivoirien Alassane Ouattara. \u00ab C\u2019est avec une [&hellip;]<\/p>\n","protected":false},"author":1965,"featured_media":0,"comment_status":"closed","ping_status":"closed","sticky":false,"template":"","format":"standard","meta":{"fifu_image_url":"","fifu_image_alt":"","footnotes":""},"categories":[73,82],"tags":[],"class_list":["post-114861","post","type-post","status-publish","format-standard","hentry","category-actualite","category-cameroun"],"_links":{"self":[{"href":"https:\/\/linitiative.ca\/International\/wp-json\/wp\/v2\/posts\/114861","targetHints":{"allow":["GET"]}}],"collection":[{"href":"https:\/\/linitiative.ca\/International\/wp-json\/wp\/v2\/posts"}],"about":[{"href":"https:\/\/linitiative.ca\/International\/wp-json\/wp\/v2\/types\/post"}],"author":[{"embeddable":true,"href":"https:\/\/linitiative.ca\/International\/wp-json\/wp\/v2\/users\/1965"}],"replies":[{"embeddable":true,"href":"https:\/\/linitiative.ca\/International\/wp-json\/wp\/v2\/comments?post=114861"}],"version-history":[{"count":0,"href":"https:\/\/linitiative.ca\/International\/wp-json\/wp\/v2\/posts\/114861\/revisions"}],"wp:attachment":[{"href":"https:\/\/linitiative.ca\/International\/wp-json\/wp\/v2\/media?parent=114861"}],"wp:term":[{"taxonomy":"category","embeddable":true,"href":"https:\/\/linitiative.ca\/International\/wp-json\/wp\/v2\/categories?post=114861"},{"taxonomy":"post_tag","embeddable":true,"href":"https:\/\/linitiative.ca\/International\/wp-json\/wp\/v2\/tags?post=114861"}],"curies":[{"name":"wp","href":"https:\/\/api.w.org\/{rel}","templated":true}]}}