{"id":114862,"date":"2021-04-13T14:18:02","date_gmt":"2021-04-13T18:18:02","guid":{"rendered":"https:\/\/linitiative.ca\/International\/covid-19-lafrique-doit-fabriquer-ses-vaccins-ramaphosa\/"},"modified":"2021-04-13T14:18:02","modified_gmt":"2021-04-13T18:18:02","slug":"covid-19-lafrique-doit-fabriquer-ses-vaccins-ramaphosa","status":"publish","type":"post","link":"https:\/\/linitiative.ca\/International\/covid-19-lafrique-doit-fabriquer-ses-vaccins-ramaphosa\/","title":{"rendered":"Covid-19 : l\u2019Afrique doit fabriquer ses vaccins (Ramaphosa)"},"content":{"rendered":"<div readability=\"32\">\n<p>Publi\u00e9 le 13.04.2021 \u00e0 19h18 par APA News<\/p>\n<\/div>\n<div readability=\"79\">\n<p>Le pr\u00e9sident sud-africain, Cyril Ramaphosa estime que le continent africain doit produire ses propres vaccins contre la Covid619.Bien que l\u2019Afrique ait beaucoup mieux relev\u00e9 les d\u00e9fis pos\u00e9s par la pand\u00e9mie que les autres r\u00e9gions du monde, le continent doit d\u00e9velopper les comp\u00e9tences et la capacit\u00e9 de fabriquer ses propres vaccins pour les futures pand\u00e9mies, soutient Ramaphosa.<\/p>\n<p>Le dirigeant sud-africain lors de son intervention \u00e0 la conf\u00e9rence virtuelle de deux jours du Centre africain de contr\u00f4le des maladies (CDC) sur la fabrication de vaccins. La rencontre s\u2019est ouverte depuis hier lundi.<\/p>\n<p>Ramaphosa a d\u00e9clar\u00e9 que l\u2019Afrique a le talent et la volont\u00e9 de pouvoir fabriquer des vaccins, mais que les ressources restent un d\u00e9fi.<\/p>\n<p>\u00ab Ce probl\u00e8me pourrait toutefois \u00eatre r\u00e9solu en nouant des alliances avec des investisseurs d\u2019autres pays, comme l\u2019Inde et le Br\u00e9sil, qui sont \u00e0 l\u2019avant-garde de la fabrication de m\u00e9dicaments g\u00e9n\u00e9riques gr\u00e2ce \u00e0 leurs industries pharmaceutiques bien \u00e9tablies \u00bb, a-t-il dit.<\/p>\n<p>Selon lui, l\u2019Inde et le Br\u00e9sil \u00ab pourraient offrir une expertise technologique, des financements et des investissements \u00bb, ajoutant : \u00ab Nous aurons \u00e9galement besoin d\u2019un renforcement des capacit\u00e9s sous la forme d\u2019un transfert de comp\u00e9tences et de connaissances pour nous assurer que nous pouvons soutenir la fabrication locale \u00bb.<\/p>\n<p>Selon les derniers chiffres du CDC Afrique, le continent africain a \u00e9t\u00e9 la r\u00e9gion la moins touch\u00e9e par la pand\u00e9mie, avec 4,35 millions de cas et 115.000 d\u00e9c\u00e8s parmi sa population de 1,2 milliard d\u2019habitants, essentiellement jeune. Mais la lenteur des vaccinations a \u00e9t\u00e9 imput\u00e9e \u00e0 l\u2019insuffisance des stocks, au manque de financements et aux probl\u00e8mes logistiques.<\/p>\n<p>M. Ramaphosa, dont le pays est le plus touch\u00e9 par la pand\u00e9mie en Afrique, a r\u00e9cemment reproch\u00e9 aux pays d\u00e9velopp\u00e9s de s\u2019accaparer les vaccins, pr\u00e9venant que \u00ab l\u2019apartheid des vaccins doit prendre fin \u00bb.<\/p>\n<\/div>\n<p>Auteur: APA News<br \/>\n<a href=\"https:\/\/www.journalducameroun.com\/covid-19-lafrique-doit-fabriquer-ses-vaccins-ramaphosa\/\">Cliquez ici pour lire l&rsquo;article depuis sa source.<\/a><\/p>\n","protected":false},"excerpt":{"rendered":"<p>Publi\u00e9 le 13.04.2021 \u00e0 19h18 par APA News Le pr\u00e9sident sud-africain, Cyril Ramaphosa estime que le continent africain doit produire ses propres vaccins contre la Covid619.Bien que l\u2019Afrique ait beaucoup mieux relev\u00e9 les d\u00e9fis pos\u00e9s par la pand\u00e9mie que les autres r\u00e9gions du monde, le continent doit d\u00e9velopper les comp\u00e9tences et la capacit\u00e9 de fabriquer [&hellip;]<\/p>\n","protected":false},"author":1965,"featured_media":0,"comment_status":"closed","ping_status":"closed","sticky":false,"template":"","format":"standard","meta":{"fifu_image_url":"","fifu_image_alt":"","footnotes":""},"categories":[73,82],"tags":[],"class_list":["post-114862","post","type-post","status-publish","format-standard","hentry","category-actualite","category-cameroun"],"_links":{"self":[{"href":"https:\/\/linitiative.ca\/International\/wp-json\/wp\/v2\/posts\/114862","targetHints":{"allow":["GET"]}}],"collection":[{"href":"https:\/\/linitiative.ca\/International\/wp-json\/wp\/v2\/posts"}],"about":[{"href":"https:\/\/linitiative.ca\/International\/wp-json\/wp\/v2\/types\/post"}],"author":[{"embeddable":true,"href":"https:\/\/linitiative.ca\/International\/wp-json\/wp\/v2\/users\/1965"}],"replies":[{"embeddable":true,"href":"https:\/\/linitiative.ca\/International\/wp-json\/wp\/v2\/comments?post=114862"}],"version-history":[{"count":0,"href":"https:\/\/linitiative.ca\/International\/wp-json\/wp\/v2\/posts\/114862\/revisions"}],"wp:attachment":[{"href":"https:\/\/linitiative.ca\/International\/wp-json\/wp\/v2\/media?parent=114862"}],"wp:term":[{"taxonomy":"category","embeddable":true,"href":"https:\/\/linitiative.ca\/International\/wp-json\/wp\/v2\/categories?post=114862"},{"taxonomy":"post_tag","embeddable":true,"href":"https:\/\/linitiative.ca\/International\/wp-json\/wp\/v2\/tags?post=114862"}],"curies":[{"name":"wp","href":"https:\/\/api.w.org\/{rel}","templated":true}]}}