{"id":114865,"date":"2021-04-13T17:18:01","date_gmt":"2021-04-13T21:18:01","guid":{"rendered":"https:\/\/linitiative.ca\/International\/suspension-de-la-greve-des-ecoles-privees-de-cote-divoire\/"},"modified":"2021-04-13T17:18:01","modified_gmt":"2021-04-13T21:18:01","slug":"suspension-de-la-greve-des-ecoles-privees-de-cote-divoire","status":"publish","type":"post","link":"https:\/\/linitiative.ca\/International\/suspension-de-la-greve-des-ecoles-privees-de-cote-divoire\/","title":{"rendered":"Suspension de la gr\u00e8ve des \u00e9coles priv\u00e9es de C\u00f4te d\u2019Ivoire"},"content":{"rendered":"<div readability=\"32\">\n<p>Publi\u00e9 le 13.04.2021 \u00e0 22h18 par APA News<\/p>\n<\/div>\n<div readability=\"61\">\n<p>La Conf\u00e9rence des pr\u00e9sidents des associations de fondateurs d\u2019\u00e9tablissements scolaires priv\u00e9s la\u00efcs et confessionnels de C\u00f4te d\u2019Ivoire (CPAFESP) a d\u00e9cid\u00e9, mardi, de suspendre son mot d\u2019ordre de fermeture des \u00e9tablissements scolaires priv\u00e9s qui devrait rentrer en vigueur ce mercredi 14 avril.<\/p>\n<p>Cette d\u00e9cision a \u00e9t\u00e9 prise \u00e0 l\u2019issue d\u2019une r\u00e9union extraordinaire tenue au si\u00e8ge de la F\u00e9d\u00e9ration nationale des \u00e9tablissements priv\u00e9s la\u00efcs d\u2019enseignement et de formation de C\u00f4te d\u2019Ivoire (FENEPLACI).<\/p>\n<p>\u00a0Dans la d\u00e9claration sanctionnant cette r\u00e9union et sign\u00e9e par les pr\u00e9sidents de la dizaine d\u2019organisations membres de la CPAFESP, les fondateurs expliquent avoir pris cette d\u00e9cision de suspension \u00ab en attendant l\u2019issue des n\u00e9gociations avec les ministres de tutelle \u00bb.<\/p>\n<p>La nouvelle ministre de l\u2019\u00e9ducation nationale et de l\u2019alphab\u00e9tisation, Pr Mariatou Kon\u00e9 a d\u00e9cid\u00e9 de rencontrer les pr\u00e9sidents des associations le lundi 19 avril 2021. \u00a0<\/p>\n<p>La Conf\u00e9rence, ajoute le communiqu\u00e9, \u00ab invite les fondateurs \u00e0 rester mobiliser et \u00e0 l\u2019\u00e9coute de la conf\u00e9rence des pr\u00e9sidents des associations de fondateurs d\u2019\u00e9tablissements scolaires priv\u00e9s la\u00efcs et confessionnels de C\u00f4te d\u2019Ivoire\u00bb .<\/p>\n<p>Les fondateurs avaient annonc\u00e9 fin mars dernier de d\u00e9brayer \u00e0 partir du 14 avril 2021 pour r\u00e9clamer notamment le paiement int\u00e9gral des restes \u00e0 payer des sommes inscrites sur le budget 2020 et sur les d\u00e9cisions financi\u00e8res de l\u2019ann\u00e9e scolaire 2019-2020 pour un montant total de plus de 50 milliards FCFA.\u00a0<\/p>\n<\/div>\n<p>Auteur: APA News<br \/>\n<a href=\"https:\/\/www.journalducameroun.com\/suspension-de-la-greve-des-ecoles-privees-de-cote-divoire\/\">Cliquez ici pour lire l&rsquo;article depuis sa source.<\/a><\/p>\n","protected":false},"excerpt":{"rendered":"<p>Publi\u00e9 le 13.04.2021 \u00e0 22h18 par APA News La Conf\u00e9rence des pr\u00e9sidents des associations de fondateurs d\u2019\u00e9tablissements scolaires priv\u00e9s la\u00efcs et confessionnels de C\u00f4te d\u2019Ivoire (CPAFESP) a d\u00e9cid\u00e9, mardi, de suspendre son mot d\u2019ordre de fermeture des \u00e9tablissements scolaires priv\u00e9s qui devrait rentrer en vigueur ce mercredi 14 avril. Cette d\u00e9cision a \u00e9t\u00e9 prise \u00e0 [&hellip;]<\/p>\n","protected":false},"author":1965,"featured_media":0,"comment_status":"closed","ping_status":"closed","sticky":false,"template":"","format":"standard","meta":{"fifu_image_url":"","fifu_image_alt":"","footnotes":""},"categories":[73,82],"tags":[],"class_list":["post-114865","post","type-post","status-publish","format-standard","hentry","category-actualite","category-cameroun"],"_links":{"self":[{"href":"https:\/\/linitiative.ca\/International\/wp-json\/wp\/v2\/posts\/114865","targetHints":{"allow":["GET"]}}],"collection":[{"href":"https:\/\/linitiative.ca\/International\/wp-json\/wp\/v2\/posts"}],"about":[{"href":"https:\/\/linitiative.ca\/International\/wp-json\/wp\/v2\/types\/post"}],"author":[{"embeddable":true,"href":"https:\/\/linitiative.ca\/International\/wp-json\/wp\/v2\/users\/1965"}],"replies":[{"embeddable":true,"href":"https:\/\/linitiative.ca\/International\/wp-json\/wp\/v2\/comments?post=114865"}],"version-history":[{"count":0,"href":"https:\/\/linitiative.ca\/International\/wp-json\/wp\/v2\/posts\/114865\/revisions"}],"wp:attachment":[{"href":"https:\/\/linitiative.ca\/International\/wp-json\/wp\/v2\/media?parent=114865"}],"wp:term":[{"taxonomy":"category","embeddable":true,"href":"https:\/\/linitiative.ca\/International\/wp-json\/wp\/v2\/categories?post=114865"},{"taxonomy":"post_tag","embeddable":true,"href":"https:\/\/linitiative.ca\/International\/wp-json\/wp\/v2\/tags?post=114865"}],"curies":[{"name":"wp","href":"https:\/\/api.w.org\/{rel}","templated":true}]}}