{"id":114868,"date":"2021-04-13T14:30:05","date_gmt":"2021-04-13T18:30:05","guid":{"rendered":"https:\/\/linitiative.ca\/International\/projet-immobilier-un-nouveau-batiment-de-lagence-beac-de-limbe-en-gestation\/"},"modified":"2021-04-13T14:30:05","modified_gmt":"2021-04-13T18:30:05","slug":"projet-immobilier-un-nouveau-batiment-de-lagence-beac-de-limbe-en-gestation","status":"publish","type":"post","link":"https:\/\/linitiative.ca\/International\/projet-immobilier-un-nouveau-batiment-de-lagence-beac-de-limbe-en-gestation\/","title":{"rendered":"Projet immobilier : un nouveau b\u00e2timent de l\u2019agence Beac de Limb\u00e9 en gestation"},"content":{"rendered":"<p>La Banque des Etats de l\u2019Afrique centrale veut construire une nouvelle agence \u00e0 Limb\u00e9, dans le Sud-ouest du Cameroun. C\u2019est du moins une information qui transpara\u00eet de l\u2019avis d\u2019appel d\u2019offres lanc\u00e9 le 23 mars dernier par l\u2019institut d\u2019\u00e9mission, pour le recrutement d\u2019un prestataire devant r\u00e9aliser \u00ab\u2009des sondages g\u00e9otechniques et des lev\u00e9s topographiques sur le site devant abriter le nouveau b\u00e2timent de l\u2019agence Beac de Limbe\u2009\u00bb. \u00a0<\/p>\n<p><strong>Lire aussi<\/strong> : <strong><a href=\"https:\/\/ecomatin.net\/lagence-beac-debolowa-sortira-de-terre-dans-2-ans\/\">L\u2019agence Beac d\u2019Ebolowa sortira de terre dans 2 ans<\/a><\/strong><\/p>\n<p>Cet autre projet qui vise \u00e0 \u00e9tendre les services de la banque centrale \u00e0 travers le pays intervient quelques mois seulement apr\u00e8s le lancement des travaux de construction de l\u2019agence Beac d\u2019Ebolowa, dans la r\u00e9gion du Sud. L\u2019infrastructure, dont la premi\u00e8re pierre a \u00e9t\u00e9 pos\u00e9e le 29 septembre dernier, sera construite sur une superficie de 9\u00a0144m2\u00a0\u00a0et se pr\u00e9sentera alors sous deux b\u00e2timents. Le premier qui est avec un b\u00e2timent principal de type R+3 comprendra un rez-de-chauss\u00e9e constitu\u00e9 d\u2019un hall d\u2019accueil, de services informatique de la comptabilit\u00e9 et des syst\u00e8mes de moyens de paiement, de la zone d\u2019\u00e9mission, l\u2019infirmerie et le restaurant de d\u2019entreprise. D\u2019un premier \u00e9tage\u00a0qui abritera les services de la gestion g\u00e9n\u00e9rale, des ressources humaines et l\u2019appartement de passage\u2026\u00a0Le deuxi\u00e8me \u00e9tage pour sa part abritera le service des \u00e9tudes et du cr\u00e9dit et la biblioth\u00e8que\u00a0entre autres. Le troisi\u00e8me \u00e9tage quant-\u00e0-lui sera destin\u00e9 aux bureaux de l\u2019administration du Centre, de la salle des conseils et des appartements de passage de hauts dirigeants. Le deuxi\u00e8me b\u00e2timent qui est une annexe sera de type R+1 destin\u00e9 au logement du chef de Centre.<\/p>\n<p><strong>Lire aussi<\/strong> : <strong><a href=\"https:\/\/ecomatin.net\/grands-projets-dinfrastructure-la-malediction-de-la-region-du-sud\/\">Grands projets d\u2019infrastructure : la mal\u00e9diction de la r\u00e9gion du Sud<\/a><\/strong><\/p>\n<p>Pour l\u2019instant, l\u2019on ignore encore les caract\u00e9ristiques de la nouvelle b\u00e2tisse que l\u2019institut d\u2019\u00e9mission projette de construire dans la r\u00e9gion du Sud-ouest. Selon l\u2019appel d\u2019offre lanc\u00e9, la s\u00e9lection des prestataires se fera en deux lots ind\u00e9pendants dont le lot 1 pour les \u00ab\u00a0sondages topographiques\u00a0\u00bb et le lot 2 pour les \u00ab\u00a0lev\u00e9es topographique\u00a0\u00bb. \u00ab\u00a0Les soumissions seront ouvertes en deux phases, Les plis administratifs et techniques seront ouverts\u00a0\u00a0le jeudi 29 avril 2021 \u00e0 13 heures aux .Services centraux de la Beac \u00e0 Yaound\u00e9. Les plis financiers, pour les offres jug\u00e9es conformes, seront ouverts \u00e0 une date qui sera communiqu\u00e9e ult\u00e9rieurement. Les s\u00e9ances d\u2019ouverture ne seront pas publiques en raison des contraintes sanitaires qu\u2019impose la lutte contre la propagation de la pand\u00e9mie du coronavirus\u00a0\u00bb pr\u00e9cise la Beac.<\/p>\n<p>\u00a0Rappelons que cette nouvelle agence vient porter \u00e0 3, le nombre de projets engag\u00e9s au niveau du Cameroun en l\u2019espace d\u2019une ann\u00e9e. L\u2019agence de Limb\u00e9, permettra d\u2019encadrer les activit\u00e9s des \u00e9tablissements bancaires et des microfinances op\u00e9rant dans la r\u00e9gion du Sud-ouest, \u00e0 booster l\u2019\u00e9conomie r\u00e9gionale et sous r\u00e9gionale r\u00e9elle et participer \u00e0 l\u2019am\u00e9nagement du territoire.\u00a0<\/p>\n<p><strong>Lire aussi<\/strong> : <strong><a href=\"https:\/\/ecomatin.net\/bientot-le-lancement-des-travaux-de-construction-de-lagence-beac-debolowa\/\">Bient\u00f4t le lancement des travaux de construction de l\u2019agence Beac d\u2019Ebolowa<\/a><\/strong><\/p>\n<p>Auteur: Cedrick JIONGO<br \/>\n<a href=\"https:\/\/ecomatin.net\/projet-immobilier-un-nouveau-batiment-de-lagence-beac-de-limbe-en-gestation\/\">Cliquez ici pour lire l&rsquo;article depuis sa source.<\/a><\/p>\n","protected":false},"excerpt":{"rendered":"<p>La Banque des Etats de l\u2019Afrique centrale veut construire une nouvelle agence \u00e0 Limb\u00e9, dans le Sud-ouest du Cameroun. C\u2019est du moins une information qui transpara\u00eet de l\u2019avis d\u2019appel d\u2019offres lanc\u00e9 le 23 mars dernier par l\u2019institut d\u2019\u00e9mission, pour le recrutement d\u2019un prestataire devant r\u00e9aliser \u00ab\u2009des sondages g\u00e9otechniques et des lev\u00e9s topographiques sur le site [&hellip;]<\/p>\n","protected":false},"author":1969,"featured_media":0,"comment_status":"closed","ping_status":"closed","sticky":false,"template":"","format":"standard","meta":{"fifu_image_url":"","fifu_image_alt":"","footnotes":""},"categories":[82,78],"tags":[],"class_list":["post-114868","post","type-post","status-publish","format-standard","hentry","category-cameroun","category-economie"],"_links":{"self":[{"href":"https:\/\/linitiative.ca\/International\/wp-json\/wp\/v2\/posts\/114868","targetHints":{"allow":["GET"]}}],"collection":[{"href":"https:\/\/linitiative.ca\/International\/wp-json\/wp\/v2\/posts"}],"about":[{"href":"https:\/\/linitiative.ca\/International\/wp-json\/wp\/v2\/types\/post"}],"author":[{"embeddable":true,"href":"https:\/\/linitiative.ca\/International\/wp-json\/wp\/v2\/users\/1969"}],"replies":[{"embeddable":true,"href":"https:\/\/linitiative.ca\/International\/wp-json\/wp\/v2\/comments?post=114868"}],"version-history":[{"count":0,"href":"https:\/\/linitiative.ca\/International\/wp-json\/wp\/v2\/posts\/114868\/revisions"}],"wp:attachment":[{"href":"https:\/\/linitiative.ca\/International\/wp-json\/wp\/v2\/media?parent=114868"}],"wp:term":[{"taxonomy":"category","embeddable":true,"href":"https:\/\/linitiative.ca\/International\/wp-json\/wp\/v2\/categories?post=114868"},{"taxonomy":"post_tag","embeddable":true,"href":"https:\/\/linitiative.ca\/International\/wp-json\/wp\/v2\/tags?post=114868"}],"curies":[{"name":"wp","href":"https:\/\/api.w.org\/{rel}","templated":true}]}}