{"id":114869,"date":"2021-04-13T14:41:40","date_gmt":"2021-04-13T18:41:40","guid":{"rendered":"https:\/\/linitiative.ca\/International\/recrutement-de-25-000-jeunes-a-la-fonction-publique-le-minsec-lance-une-operation-didentification\/"},"modified":"2021-04-13T14:41:40","modified_gmt":"2021-04-13T18:41:40","slug":"recrutement-de-25-000-jeunes-a-la-fonction-publique-le-minsec-lance-une-operation-didentification","status":"publish","type":"post","link":"https:\/\/linitiative.ca\/International\/recrutement-de-25-000-jeunes-a-la-fonction-publique-le-minsec-lance-une-operation-didentification\/","title":{"rendered":"Recrutement de 25 000 jeunes \u00e0 la fonction publique : le Minsec lance une op\u00e9ration d\u2019identification"},"content":{"rendered":"<p>Les jeunes dipl\u00f4m\u00e9s recrut\u00e9s au minist\u00e8re de l\u2019Enseignement secondaire (Minsec), dans le cadre du \u00ab recrutement sp\u00e9cial des 25 000 jeunes dipl\u00f4m\u00e9s\u00a0\u00bb, ont jusqu\u2019au 16 de ce mois pour se faire identifier aupr\u00e8s de leur hi\u00e9rarchie. Ceci fait suite \u00e0 un communiqu\u00e9 rendu public par le chef de ce d\u00e9partement minist\u00e9riel Nalova Lyonga qui stipule que\u00a0: \u00ab le Ministre des Enseignements secondaires invite tous les personnels issus du recrutement sp\u00e9cial des 25\u00a0000 jeunes dipl\u00f4m\u00e9s, en service dans son d\u00e9partement minist\u00e9riel \u00e0 bien vouloir se faire identifier au moyen d\u2019une fiche de renseignement imprimable sur le site web\u00a0\u00bb. Ledit communiqu\u00e9 dont nous avons eu copie poursuit en disant \u00ab\u00a0la fiche devra \u00eatre renseign\u00e9e et d\u00e9pos\u00e9e aupr\u00e8s des D\u00e9l\u00e9gations r\u00e9gionales pour ceux des services d\u00e9concentr\u00e9s et \u00e0 la porte 309 pour ceux des services centraux, au plus tard le 16 avril 2021, d\u00e9lai de rigueur\u00a0\u00bb.<\/p>\n<p><strong>Lire aussi<\/strong> : <strong><a href=\"https:\/\/ecomatin.net\/fonction-publique-ou-en-est-le-recrutement-de-1000-enseignants-bilingues\/\">Fonction publique: o\u00f9 en est le recrutement de 1000 enseignants bilingues ?<\/a><\/strong><\/p>\n<p>Entre autres \u00e9l\u00e9ments constitutifs de la fiche de renseignements en question figurent\u00a0: le nom, pr\u00e9nom, date et lieu de naissance, le matricule solde, le corps de recrutement, la date de la premi\u00e8re prise de service, l\u2019administration de premi\u00e8re affectation, l\u2019administration d\u2019affectation actuelle.<\/p>\n<p>L\u2019on pourrait envisager \u00e0 travers cette action du ministre des Enseignements secondaires, un moyen de vouloir voir plus clair sur la situation de ces recrues d\u2019une part et de vouloir la r\u00e9gularisation de leur situation administrative d\u2019autre part. Car l\u2019on se souvient que ces derniers r\u00e9unis au sein du\u00a0\u00ab\u00a0collectif des 25\u00a0000 jeunes dipl\u00f4m\u00e9s\u00bb, ne cessent de mener des actions en vue de la r\u00e9gularisation de leur situation, qui tarde toujours \u00e0 venir.<\/p>\n<p><strong>Lire aussi<\/strong> : <strong><a href=\"https:\/\/ecomatin.net\/progres-social-le-gouvernement-echoue-a-ramener-la-pauvrete-de-40-a-28\/\">Le gouvernement \u00e9choue \u00e0 ramener la pauvret\u00e9 de 40 \u00e0 28%<\/a><\/strong><\/p>\n<p>Pour rappel, c\u2019\u00e9tait au mois de f\u00e9vrier 2011 que le pr\u00e9sident de la R\u00e9publique avait instruit l\u2019op\u00e9ration sp\u00e9ciale de recrutement de 25000 jeunes dipl\u00f4m\u00e9s dans la Fonction Publique. Jusqu\u2019\u00e0 ce jour les recrues de ce programme se plaignent toujours de n\u2019avoir pas salaire, ni de matricule, malgr\u00e9 leur prise de service effective remontant \u00e0 plusieurs ann\u00e9es.<\/p>\n<p>Auteur: Cindy MBALA<br \/>\n<a href=\"https:\/\/ecomatin.net\/recrutement-de-25-000-jeunes-a-la-fonction-publique-le-minsec-lance-une-operation-didentification\/\">Cliquez ici pour lire l&rsquo;article depuis sa source.<\/a><\/p>\n","protected":false},"excerpt":{"rendered":"<p>Les jeunes dipl\u00f4m\u00e9s recrut\u00e9s au minist\u00e8re de l\u2019Enseignement secondaire (Minsec), dans le cadre du \u00ab recrutement sp\u00e9cial des 25 000 jeunes dipl\u00f4m\u00e9s\u00a0\u00bb, ont jusqu\u2019au 16 de ce mois pour se faire identifier aupr\u00e8s de leur hi\u00e9rarchie. Ceci fait suite \u00e0 un communiqu\u00e9 rendu public par le chef de ce d\u00e9partement minist\u00e9riel Nalova Lyonga qui stipule [&hellip;]<\/p>\n","protected":false},"author":1969,"featured_media":0,"comment_status":"closed","ping_status":"closed","sticky":false,"template":"","format":"standard","meta":{"fifu_image_url":"","fifu_image_alt":"","footnotes":""},"categories":[82,78],"tags":[],"class_list":["post-114869","post","type-post","status-publish","format-standard","hentry","category-cameroun","category-economie"],"_links":{"self":[{"href":"https:\/\/linitiative.ca\/International\/wp-json\/wp\/v2\/posts\/114869","targetHints":{"allow":["GET"]}}],"collection":[{"href":"https:\/\/linitiative.ca\/International\/wp-json\/wp\/v2\/posts"}],"about":[{"href":"https:\/\/linitiative.ca\/International\/wp-json\/wp\/v2\/types\/post"}],"author":[{"embeddable":true,"href":"https:\/\/linitiative.ca\/International\/wp-json\/wp\/v2\/users\/1969"}],"replies":[{"embeddable":true,"href":"https:\/\/linitiative.ca\/International\/wp-json\/wp\/v2\/comments?post=114869"}],"version-history":[{"count":0,"href":"https:\/\/linitiative.ca\/International\/wp-json\/wp\/v2\/posts\/114869\/revisions"}],"wp:attachment":[{"href":"https:\/\/linitiative.ca\/International\/wp-json\/wp\/v2\/media?parent=114869"}],"wp:term":[{"taxonomy":"category","embeddable":true,"href":"https:\/\/linitiative.ca\/International\/wp-json\/wp\/v2\/categories?post=114869"},{"taxonomy":"post_tag","embeddable":true,"href":"https:\/\/linitiative.ca\/International\/wp-json\/wp\/v2\/tags?post=114869"}],"curies":[{"name":"wp","href":"https:\/\/api.w.org\/{rel}","templated":true}]}}